{"id":10409,"date":"2017-08-30T13:42:49","date_gmt":"2017-08-30T11:42:49","guid":{"rendered":"https:\/\/historiaus.usz.edu.pl\/?p=10409"},"modified":"2017-08-30T13:42:49","modified_gmt":"2017-08-30T11:42:49","slug":"uniwersytet-szczecinski-swietuje","status":"publish","type":"post","link":"https:\/\/historiaus.usz.edu.pl\/?p=10409","title":{"rendered":"Uniwersytet Szczeci\u0144ski \u015bwi\u0119tuje"},"content":{"rendered":"<p><a href=\"https:\/\/historiaus.usz.edu.pl\/wp-content\/uploads\/2017\/08\/Kurier-Szczeci\u0144ski-21.04.2017-s042.jpg\"><img loading=\"lazy\" decoding=\"async\" class=\"alignnone size-medium wp-image-10410\" src=\"https:\/\/historiaus.usz.edu.pl\/wp-content\/uploads\/2017\/08\/Kurier-Szczeci\u0144ski-21.04.2017-s042-408x300.jpg\" alt=\"\" width=\"408\" height=\"300\" srcset=\"https:\/\/historiaus.usz.edu.pl\/wp-content\/uploads\/2017\/08\/Kurier-Szczeci\u0144ski-21.04.2017-s042-408x300.jpg 408w, https:\/\/historiaus.usz.edu.pl\/wp-content\/uploads\/2017\/08\/Kurier-Szczeci\u0144ski-21.04.2017-s042-768x565.jpg 768w\" sizes=\"auto, (max-width: 408px) 100vw, 408px\" \/><\/a><\/p>\n","protected":false},"excerpt":{"rendered":"","protected":false},"author":5,"featured_media":0,"comment_status":"closed","ping_status":"closed","sticky":false,"template":"","format":"standard","meta":{"footnotes":""},"categories":[1484],"tags":[1876,2326,2890],"subpage_bus":[62,86,56,1974],"class_list":["post-10409","post","type-post","status-publish","format-standard","hentry","category-uniwersytet-szczecinski","tag-prof-dr-hab-edward-wlodarczyk","tag-prof-dr-hab-ewa-kolodziejek","tag-swieto-us","subpage_bus-rozwoj-uniwersytetu-sprawy-organizacyjne","subpage_bus-sylwetki","subpage_bus-zycie-spoleczne","subpage_bus-zycie-studenckie"],"_links":{"self":[{"href":"https:\/\/historiaus.usz.edu.pl\/index.php?rest_route=\/wp\/v2\/posts\/10409","targetHints":{"allow":["GET"]}}],"collection":[{"href":"https:\/\/historiaus.usz.edu.pl\/index.php?rest_route=\/wp\/v2\/posts"}],"about":[{"href":"https:\/\/historiaus.usz.edu.pl\/index.php?rest_route=\/wp\/v2\/types\/post"}],"author":[{"embeddable":true,"href":"https:\/\/historiaus.usz.edu.pl\/index.php?rest_route=\/wp\/v2\/users\/5"}],"replies":[{"embeddable":true,"href":"https:\/\/historiaus.usz.edu.pl\/index.php?rest_route=%2Fwp%2Fv2%2Fcomments&post=10409"}],"version-history":[{"count":1,"href":"https:\/\/historiaus.usz.edu.pl\/index.php?rest_route=\/wp\/v2\/posts\/10409\/revisions"}],"predecessor-version":[{"id":10411,"href":"https:\/\/historiaus.usz.edu.pl\/index.php?rest_route=\/wp\/v2\/posts\/10409\/revisions\/10411"}],"wp:attachment":[{"href":"https:\/\/historiaus.usz.edu.pl\/index.php?rest_route=%2Fwp%2Fv2%2Fmedia&parent=10409"}],"wp:term":[{"taxonomy":"category","embeddable":true,"href":"https:\/\/historiaus.usz.edu.pl\/index.php?rest_route=%2Fwp%2Fv2%2Fcategories&post=10409"},{"taxonomy":"post_tag","embeddable":true,"href":"https:\/\/historiaus.usz.edu.pl\/index.php?rest_route=%2Fwp%2Fv2%2Ftags&post=10409"},{"taxonomy":"subpage_bus","embeddable":true,"href":"https:\/\/historiaus.usz.edu.pl\/index.php?rest_route=%2Fwp%2Fv2%2Fsubpage_bus&post=10409"}],"curies":[{"name":"wp","href":"https:\/\/api.w.org\/{rel}","templated":true}]}}