{"id":10430,"date":"2017-08-31T13:23:07","date_gmt":"2017-08-31T11:23:07","guid":{"rendered":"https:\/\/historiaus.usz.edu.pl\/?p=10430"},"modified":"2017-08-31T13:23:07","modified_gmt":"2017-08-31T11:23:07","slug":"rosja-europa-historia-i-terazniejszosc","status":"publish","type":"post","link":"https:\/\/historiaus.usz.edu.pl\/?p=10430","title":{"rendered":"Rosja, Europa: historia i tera\u017aniejszo\u015b\u0107"},"content":{"rendered":"<p><a href=\"https:\/\/historiaus.usz.edu.pl\/wp-content\/uploads\/2017\/08\/Kurier-Szczeci\u0144ski-18.05.2017s.17.jpg\"><img loading=\"lazy\" decoding=\"async\" class=\"alignnone size-medium wp-image-10431\" src=\"https:\/\/historiaus.usz.edu.pl\/wp-content\/uploads\/2017\/08\/Kurier-Szczeci\u0144ski-18.05.2017s.17-140x300.jpg\" alt=\"\" width=\"140\" height=\"300\" srcset=\"https:\/\/historiaus.usz.edu.pl\/wp-content\/uploads\/2017\/08\/Kurier-Szczeci\u0144ski-18.05.2017s.17-140x300.jpg 140w, https:\/\/historiaus.usz.edu.pl\/wp-content\/uploads\/2017\/08\/Kurier-Szczeci\u0144ski-18.05.2017s.17-768x1647.jpg 768w, https:\/\/historiaus.usz.edu.pl\/wp-content\/uploads\/2017\/08\/Kurier-Szczeci\u0144ski-18.05.2017s.17.jpg 1248w\" sizes=\"auto, (max-width: 140px) 100vw, 140px\" \/><\/a><\/p>\n","protected":false},"excerpt":{"rendered":"","protected":false},"author":5,"featured_media":0,"comment_status":"closed","ping_status":"closed","sticky":false,"template":"","format":"standard","meta":{"footnotes":""},"categories":[70],"tags":[2004,319,1832],"subpage_bus":[49,48,47,50,86,56],"class_list":["post-10430","post","type-post","status-publish","format-standard","hentry","category-wydzial-humanistyczny","tag-europa","tag-prof-andrzej-nowak","tag-rosja","subpage_bus-dzialalnosc-naukowa-i-dydaktyczna","subpage_bus-konferencje-sympozja-zjazdy","subpage_bus-nauka","subpage_bus-publikacje-wyklady-pracownikow-wypowiedzi-opinie-polemiki-udzial-w-imprezach","subpage_bus-sylwetki","subpage_bus-zycie-spoleczne"],"_links":{"self":[{"href":"https:\/\/historiaus.usz.edu.pl\/index.php?rest_route=\/wp\/v2\/posts\/10430","targetHints":{"allow":["GET"]}}],"collection":[{"href":"https:\/\/historiaus.usz.edu.pl\/index.php?rest_route=\/wp\/v2\/posts"}],"about":[{"href":"https:\/\/historiaus.usz.edu.pl\/index.php?rest_route=\/wp\/v2\/types\/post"}],"author":[{"embeddable":true,"href":"https:\/\/historiaus.usz.edu.pl\/index.php?rest_route=\/wp\/v2\/users\/5"}],"replies":[{"embeddable":true,"href":"https:\/\/historiaus.usz.edu.pl\/index.php?rest_route=%2Fwp%2Fv2%2Fcomments&post=10430"}],"version-history":[{"count":1,"href":"https:\/\/historiaus.usz.edu.pl\/index.php?rest_route=\/wp\/v2\/posts\/10430\/revisions"}],"predecessor-version":[{"id":10432,"href":"https:\/\/historiaus.usz.edu.pl\/index.php?rest_route=\/wp\/v2\/posts\/10430\/revisions\/10432"}],"wp:attachment":[{"href":"https:\/\/historiaus.usz.edu.pl\/index.php?rest_route=%2Fwp%2Fv2%2Fmedia&parent=10430"}],"wp:term":[{"taxonomy":"category","embeddable":true,"href":"https:\/\/historiaus.usz.edu.pl\/index.php?rest_route=%2Fwp%2Fv2%2Fcategories&post=10430"},{"taxonomy":"post_tag","embeddable":true,"href":"https:\/\/historiaus.usz.edu.pl\/index.php?rest_route=%2Fwp%2Fv2%2Ftags&post=10430"},{"taxonomy":"subpage_bus","embeddable":true,"href":"https:\/\/historiaus.usz.edu.pl\/index.php?rest_route=%2Fwp%2Fv2%2Fsubpage_bus&post=10430"}],"curies":[{"name":"wp","href":"https:\/\/api.w.org\/{rel}","templated":true}]}}