{"id":10492,"date":"2017-09-04T13:16:50","date_gmt":"2017-09-04T11:16:50","guid":{"rendered":"https:\/\/historiaus.usz.edu.pl\/?p=10492"},"modified":"2017-09-04T13:16:50","modified_gmt":"2017-09-04T11:16:50","slug":"uniwersytet-szczecinski-swietuje-na-jasnych-bloniach","status":"publish","type":"post","link":"https:\/\/historiaus.usz.edu.pl\/?p=10492","title":{"rendered":"Uniwersytet Szczeci\u0144ski \u015bwi\u0119tuje na Jasnych B\u0142oniach"},"content":{"rendered":"<p><a href=\"https:\/\/historiaus.usz.edu.pl\/wp-content\/uploads\/2017\/09\/Kurier-Szczeci\u0144ski-2.06.2017s15.jpg\"><img loading=\"lazy\" decoding=\"async\" class=\"alignnone size-medium wp-image-10493\" src=\"https:\/\/historiaus.usz.edu.pl\/wp-content\/uploads\/2017\/09\/Kurier-Szczeci\u0144ski-2.06.2017s15-418x300.jpg\" alt=\"\" width=\"418\" height=\"300\" srcset=\"https:\/\/historiaus.usz.edu.pl\/wp-content\/uploads\/2017\/09\/Kurier-Szczeci\u0144ski-2.06.2017s15-418x300.jpg 418w, https:\/\/historiaus.usz.edu.pl\/wp-content\/uploads\/2017\/09\/Kurier-Szczeci\u0144ski-2.06.2017s15-768x552.jpg 768w\" sizes=\"auto, (max-width: 418px) 100vw, 418px\" \/><\/a><\/p>\n","protected":false},"excerpt":{"rendered":"","protected":false},"author":5,"featured_media":0,"comment_status":"closed","ping_status":"closed","sticky":false,"template":"","format":"standard","meta":{"footnotes":""},"categories":[1484],"tags":[2890],"subpage_bus":[47,3754,62,56],"class_list":["post-10492","post","type-post","status-publish","format-standard","hentry","category-uniwersytet-szczecinski","tag-swieto-us","subpage_bus-nauka","subpage_bus-oswiata-i-szkolnictwo","subpage_bus-rozwoj-uniwersytetu-sprawy-organizacyjne","subpage_bus-zycie-spoleczne"],"_links":{"self":[{"href":"https:\/\/historiaus.usz.edu.pl\/index.php?rest_route=\/wp\/v2\/posts\/10492","targetHints":{"allow":["GET"]}}],"collection":[{"href":"https:\/\/historiaus.usz.edu.pl\/index.php?rest_route=\/wp\/v2\/posts"}],"about":[{"href":"https:\/\/historiaus.usz.edu.pl\/index.php?rest_route=\/wp\/v2\/types\/post"}],"author":[{"embeddable":true,"href":"https:\/\/historiaus.usz.edu.pl\/index.php?rest_route=\/wp\/v2\/users\/5"}],"replies":[{"embeddable":true,"href":"https:\/\/historiaus.usz.edu.pl\/index.php?rest_route=%2Fwp%2Fv2%2Fcomments&post=10492"}],"version-history":[{"count":1,"href":"https:\/\/historiaus.usz.edu.pl\/index.php?rest_route=\/wp\/v2\/posts\/10492\/revisions"}],"predecessor-version":[{"id":10494,"href":"https:\/\/historiaus.usz.edu.pl\/index.php?rest_route=\/wp\/v2\/posts\/10492\/revisions\/10494"}],"wp:attachment":[{"href":"https:\/\/historiaus.usz.edu.pl\/index.php?rest_route=%2Fwp%2Fv2%2Fmedia&parent=10492"}],"wp:term":[{"taxonomy":"category","embeddable":true,"href":"https:\/\/historiaus.usz.edu.pl\/index.php?rest_route=%2Fwp%2Fv2%2Fcategories&post=10492"},{"taxonomy":"post_tag","embeddable":true,"href":"https:\/\/historiaus.usz.edu.pl\/index.php?rest_route=%2Fwp%2Fv2%2Ftags&post=10492"},{"taxonomy":"subpage_bus","embeddable":true,"href":"https:\/\/historiaus.usz.edu.pl\/index.php?rest_route=%2Fwp%2Fv2%2Fsubpage_bus&post=10492"}],"curies":[{"name":"wp","href":"https:\/\/api.w.org\/{rel}","templated":true}]}}