{"id":10523,"date":"2017-09-06T13:20:31","date_gmt":"2017-09-06T11:20:31","guid":{"rendered":"https:\/\/historiaus.usz.edu.pl\/?p=10523"},"modified":"2017-09-06T13:21:51","modified_gmt":"2017-09-06T11:21:51","slug":"wstapil-do-pis-zostal-prezesem","status":"publish","type":"post","link":"https:\/\/historiaus.usz.edu.pl\/?p=10523","title":{"rendered":"Wst\u0105pi\u0142 do PiS. Zosta\u0142 prezesem"},"content":{"rendered":"<p><a href=\"https:\/\/historiaus.usz.edu.pl\/wp-content\/uploads\/2017\/09\/gw-18.08.17.jpg\"><img loading=\"lazy\" decoding=\"async\" class=\"alignnone size-medium wp-image-10524\" src=\"https:\/\/historiaus.usz.edu.pl\/wp-content\/uploads\/2017\/09\/gw-18.08.17-450x224.jpg\" alt=\"\" width=\"450\" height=\"224\" srcset=\"https:\/\/historiaus.usz.edu.pl\/wp-content\/uploads\/2017\/09\/gw-18.08.17-450x224.jpg 450w, https:\/\/historiaus.usz.edu.pl\/wp-content\/uploads\/2017\/09\/gw-18.08.17-768x382.jpg 768w\" sizes=\"auto, (max-width: 450px) 100vw, 450px\" \/><\/a><\/p>\n","protected":false},"excerpt":{"rendered":"","protected":false},"author":5,"featured_media":0,"comment_status":"closed","ping_status":"closed","sticky":false,"template":"","format":"standard","meta":{"footnotes":""},"categories":[1484],"tags":[3045,3994],"subpage_bus":[3761,86,56],"class_list":["post-10523","post","type-post","status-publish","format-standard","hentry","category-uniwersytet-szczecinski","tag-andrzej-luc","tag-pis","subpage_bus-polityka","subpage_bus-sylwetki","subpage_bus-zycie-spoleczne"],"_links":{"self":[{"href":"https:\/\/historiaus.usz.edu.pl\/index.php?rest_route=\/wp\/v2\/posts\/10523","targetHints":{"allow":["GET"]}}],"collection":[{"href":"https:\/\/historiaus.usz.edu.pl\/index.php?rest_route=\/wp\/v2\/posts"}],"about":[{"href":"https:\/\/historiaus.usz.edu.pl\/index.php?rest_route=\/wp\/v2\/types\/post"}],"author":[{"embeddable":true,"href":"https:\/\/historiaus.usz.edu.pl\/index.php?rest_route=\/wp\/v2\/users\/5"}],"replies":[{"embeddable":true,"href":"https:\/\/historiaus.usz.edu.pl\/index.php?rest_route=%2Fwp%2Fv2%2Fcomments&post=10523"}],"version-history":[{"count":1,"href":"https:\/\/historiaus.usz.edu.pl\/index.php?rest_route=\/wp\/v2\/posts\/10523\/revisions"}],"predecessor-version":[{"id":10525,"href":"https:\/\/historiaus.usz.edu.pl\/index.php?rest_route=\/wp\/v2\/posts\/10523\/revisions\/10525"}],"wp:attachment":[{"href":"https:\/\/historiaus.usz.edu.pl\/index.php?rest_route=%2Fwp%2Fv2%2Fmedia&parent=10523"}],"wp:term":[{"taxonomy":"category","embeddable":true,"href":"https:\/\/historiaus.usz.edu.pl\/index.php?rest_route=%2Fwp%2Fv2%2Fcategories&post=10523"},{"taxonomy":"post_tag","embeddable":true,"href":"https:\/\/historiaus.usz.edu.pl\/index.php?rest_route=%2Fwp%2Fv2%2Ftags&post=10523"},{"taxonomy":"subpage_bus","embeddable":true,"href":"https:\/\/historiaus.usz.edu.pl\/index.php?rest_route=%2Fwp%2Fv2%2Fsubpage_bus&post=10523"}],"curies":[{"name":"wp","href":"https:\/\/api.w.org\/{rel}","templated":true}]}}