{"id":10544,"date":"2017-09-07T09:41:51","date_gmt":"2017-09-07T07:41:51","guid":{"rendered":"https:\/\/historiaus.usz.edu.pl\/?p=10544"},"modified":"2017-09-07T09:41:51","modified_gmt":"2017-09-07T07:41:51","slug":"pierwsze-szczecinskie-swieto","status":"publish","type":"post","link":"https:\/\/historiaus.usz.edu.pl\/?p=10544","title":{"rendered":"Pierwsze szczeci\u0144skie \u015bwi\u0119to"},"content":{"rendered":"<p><a href=\"https:\/\/historiaus.usz.edu.pl\/wp-content\/uploads\/2017\/09\/ks-30.0617.jpg\"><img loading=\"lazy\" decoding=\"async\" class=\"alignnone size-medium wp-image-10545\" src=\"https:\/\/historiaus.usz.edu.pl\/wp-content\/uploads\/2017\/09\/ks-30.0617-207x300.jpg\" alt=\"\" width=\"207\" height=\"300\" srcset=\"https:\/\/historiaus.usz.edu.pl\/wp-content\/uploads\/2017\/09\/ks-30.0617-207x300.jpg 207w, https:\/\/historiaus.usz.edu.pl\/wp-content\/uploads\/2017\/09\/ks-30.0617-768x1114.jpg 768w, https:\/\/historiaus.usz.edu.pl\/wp-content\/uploads\/2017\/09\/ks-30.0617.jpg 1390w\" sizes=\"auto, (max-width: 207px) 100vw, 207px\" \/><\/a><\/p>\n","protected":false},"excerpt":{"rendered":"","protected":false},"author":5,"featured_media":0,"comment_status":"closed","ping_status":"closed","sticky":false,"template":"","format":"standard","meta":{"footnotes":""},"categories":[2336,70],"tags":[4002,383,139,305],"subpage_bus":[47,3761,86,343,56,59],"class_list":["post-10544","post","type-post","status-publish","format-standard","hentry","category-instytut-politologii-i-europeistyki-wydzial-humanistyczny","category-wydzial-humanistyczny","tag-5-lipca","tag-dr-michal-paziewski","tag-historia","tag-szczecin","subpage_bus-nauka","subpage_bus-polityka","subpage_bus-sylwetki","subpage_bus-wywiad","subpage_bus-zycie-spoleczne","subpage_bus-zycie-spoleczne-i-polityczne"],"_links":{"self":[{"href":"https:\/\/historiaus.usz.edu.pl\/index.php?rest_route=\/wp\/v2\/posts\/10544","targetHints":{"allow":["GET"]}}],"collection":[{"href":"https:\/\/historiaus.usz.edu.pl\/index.php?rest_route=\/wp\/v2\/posts"}],"about":[{"href":"https:\/\/historiaus.usz.edu.pl\/index.php?rest_route=\/wp\/v2\/types\/post"}],"author":[{"embeddable":true,"href":"https:\/\/historiaus.usz.edu.pl\/index.php?rest_route=\/wp\/v2\/users\/5"}],"replies":[{"embeddable":true,"href":"https:\/\/historiaus.usz.edu.pl\/index.php?rest_route=%2Fwp%2Fv2%2Fcomments&post=10544"}],"version-history":[{"count":1,"href":"https:\/\/historiaus.usz.edu.pl\/index.php?rest_route=\/wp\/v2\/posts\/10544\/revisions"}],"predecessor-version":[{"id":10546,"href":"https:\/\/historiaus.usz.edu.pl\/index.php?rest_route=\/wp\/v2\/posts\/10544\/revisions\/10546"}],"wp:attachment":[{"href":"https:\/\/historiaus.usz.edu.pl\/index.php?rest_route=%2Fwp%2Fv2%2Fmedia&parent=10544"}],"wp:term":[{"taxonomy":"category","embeddable":true,"href":"https:\/\/historiaus.usz.edu.pl\/index.php?rest_route=%2Fwp%2Fv2%2Fcategories&post=10544"},{"taxonomy":"post_tag","embeddable":true,"href":"https:\/\/historiaus.usz.edu.pl\/index.php?rest_route=%2Fwp%2Fv2%2Ftags&post=10544"},{"taxonomy":"subpage_bus","embeddable":true,"href":"https:\/\/historiaus.usz.edu.pl\/index.php?rest_route=%2Fwp%2Fv2%2Fsubpage_bus&post=10544"}],"curies":[{"name":"wp","href":"https:\/\/api.w.org\/{rel}","templated":true}]}}