{"id":10831,"date":"2018-03-03T11:51:21","date_gmt":"2018-03-03T10:51:21","guid":{"rendered":"https:\/\/historiaus.usz.edu.pl\/?p=10831"},"modified":"2018-09-05T12:59:44","modified_gmt":"2018-09-05T10:59:44","slug":"mniej-slow-ale-madrych-szczecinski-historyk-apeluje-do-premiera","status":"publish","type":"post","link":"https:\/\/historiaus.usz.edu.pl\/?p=10831","title":{"rendered":"Mniej s\u0142\u00f3w, ale m\u0105drych. Szczeci\u0144ski historyk apeluje do premiera"},"content":{"rendered":"<p><a href=\"https:\/\/historiaus.usz.edu.pl\/wp-content\/uploads\/2018\/03\/Mniej-s\u0142\u00f3w.jpg\"><img loading=\"lazy\" decoding=\"async\" class=\"size-medium wp-image-10832 aligncenter\" src=\"https:\/\/historiaus.usz.edu.pl\/wp-content\/uploads\/2018\/03\/Mniej-s\u0142\u00f3w-219x300.jpg\" alt=\"\" width=\"219\" height=\"300\" srcset=\"https:\/\/historiaus.usz.edu.pl\/wp-content\/uploads\/2018\/03\/Mniej-s\u0142\u00f3w-219x300.jpg 219w, https:\/\/historiaus.usz.edu.pl\/wp-content\/uploads\/2018\/03\/Mniej-s\u0142\u00f3w-768x1053.jpg 768w, https:\/\/historiaus.usz.edu.pl\/wp-content\/uploads\/2018\/03\/Mniej-s\u0142\u00f3w.jpg 1660w\" sizes=\"auto, (max-width: 219px) 100vw, 219px\" \/><\/a><\/p>\n","protected":false},"excerpt":{"rendered":"","protected":false},"author":9,"featured_media":0,"comment_status":"closed","ping_status":"closed","sticky":false,"template":"","format":"standard","meta":{"footnotes":""},"categories":[156,1484,2343],"tags":[4091,139,4090,2065,4089,83,2325,82],"subpage_bus":[241,60,3761,50,86,57],"class_list":["post-10831","post","type-post","status-publish","format-standard","hentry","category-instytut-historii-i-stosunkow-miedzynarodowych","category-uniwersytet-szczecinski","category-zaklad-europejskich-studiow-porownawczych-instytut-historii-i-stosunkow-miedzynarodowych","tag-antysemityzm","tag-historia","tag-holokaust","tag-ii-wojna-swiatowa","tag-mateusz-morawiecki","tag-polityka","tag-prof-dr-hab-jan-m-piskorski","tag-uniwersytet-szczecinski","subpage_bus-kalendarium","subpage_bus-kultura","subpage_bus-polityka","subpage_bus-publikacje-wyklady-pracownikow-wypowiedzi-opinie-polemiki-udzial-w-imprezach","subpage_bus-sylwetki","subpage_bus-wypowiedzi-ogolne"],"_links":{"self":[{"href":"https:\/\/historiaus.usz.edu.pl\/index.php?rest_route=\/wp\/v2\/posts\/10831","targetHints":{"allow":["GET"]}}],"collection":[{"href":"https:\/\/historiaus.usz.edu.pl\/index.php?rest_route=\/wp\/v2\/posts"}],"about":[{"href":"https:\/\/historiaus.usz.edu.pl\/index.php?rest_route=\/wp\/v2\/types\/post"}],"author":[{"embeddable":true,"href":"https:\/\/historiaus.usz.edu.pl\/index.php?rest_route=\/wp\/v2\/users\/9"}],"replies":[{"embeddable":true,"href":"https:\/\/historiaus.usz.edu.pl\/index.php?rest_route=%2Fwp%2Fv2%2Fcomments&post=10831"}],"version-history":[{"count":1,"href":"https:\/\/historiaus.usz.edu.pl\/index.php?rest_route=\/wp\/v2\/posts\/10831\/revisions"}],"predecessor-version":[{"id":10834,"href":"https:\/\/historiaus.usz.edu.pl\/index.php?rest_route=\/wp\/v2\/posts\/10831\/revisions\/10834"}],"wp:attachment":[{"href":"https:\/\/historiaus.usz.edu.pl\/index.php?rest_route=%2Fwp%2Fv2%2Fmedia&parent=10831"}],"wp:term":[{"taxonomy":"category","embeddable":true,"href":"https:\/\/historiaus.usz.edu.pl\/index.php?rest_route=%2Fwp%2Fv2%2Fcategories&post=10831"},{"taxonomy":"post_tag","embeddable":true,"href":"https:\/\/historiaus.usz.edu.pl\/index.php?rest_route=%2Fwp%2Fv2%2Ftags&post=10831"},{"taxonomy":"subpage_bus","embeddable":true,"href":"https:\/\/historiaus.usz.edu.pl\/index.php?rest_route=%2Fwp%2Fv2%2Fsubpage_bus&post=10831"}],"curies":[{"name":"wp","href":"https:\/\/api.w.org\/{rel}","templated":true}]}}