{"id":10935,"date":"2018-03-15T14:08:13","date_gmt":"2018-03-15T13:08:13","guid":{"rendered":"https:\/\/historiaus.usz.edu.pl\/?p=10935"},"modified":"2018-03-15T14:08:13","modified_gmt":"2018-03-15T13:08:13","slug":"50-lat-wydarzen-marcowych-68-debata-w-ksiaznicy-pomorskiej","status":"publish","type":"post","link":"https:\/\/historiaus.usz.edu.pl\/?p=10935","title":{"rendered":"50 lat Wydarze\u0144 Marcowych &#8217;68. Debata w Ksi\u0105\u017cnicy Pomorskiej"},"content":{"rendered":"<p><a href=\"https:\/\/historiaus.usz.edu.pl\/wp-content\/uploads\/2018\/03\/50-lat-od-Wydarze\u0144-Marcowych.jpg\"><img loading=\"lazy\" decoding=\"async\" class=\"size-medium wp-image-10931 aligncenter\" src=\"https:\/\/historiaus.usz.edu.pl\/wp-content\/uploads\/2018\/03\/50-lat-od-Wydarze\u0144-Marcowych-450x268.jpg\" alt=\"\" width=\"450\" height=\"268\" srcset=\"https:\/\/historiaus.usz.edu.pl\/wp-content\/uploads\/2018\/03\/50-lat-od-Wydarze\u0144-Marcowych-450x268.jpg 450w, https:\/\/historiaus.usz.edu.pl\/wp-content\/uploads\/2018\/03\/50-lat-od-Wydarze\u0144-Marcowych-768x458.jpg 768w, https:\/\/historiaus.usz.edu.pl\/wp-content\/uploads\/2018\/03\/50-lat-od-Wydarze\u0144-Marcowych.jpg 1038w\" sizes=\"auto, (max-width: 450px) 100vw, 450px\" \/><\/a><\/p>\n","protected":false},"excerpt":{"rendered":"","protected":false},"author":9,"featured_media":0,"comment_status":"closed","ping_status":"closed","sticky":false,"template":"","format":"standard","meta":{"footnotes":""},"categories":[1484],"tags":[159,4120,204,180],"subpage_bus":[241,60,50,59],"class_list":["post-10935","post","type-post","status-publish","format-standard","hentry","category-uniwersytet-szczecinski","tag-dr-eryk-krasucki","tag-jan-litynski","tag-marzec-68","tag-publikacja","subpage_bus-kalendarium","subpage_bus-kultura","subpage_bus-publikacje-wyklady-pracownikow-wypowiedzi-opinie-polemiki-udzial-w-imprezach","subpage_bus-zycie-spoleczne-i-polityczne"],"_links":{"self":[{"href":"https:\/\/historiaus.usz.edu.pl\/index.php?rest_route=\/wp\/v2\/posts\/10935","targetHints":{"allow":["GET"]}}],"collection":[{"href":"https:\/\/historiaus.usz.edu.pl\/index.php?rest_route=\/wp\/v2\/posts"}],"about":[{"href":"https:\/\/historiaus.usz.edu.pl\/index.php?rest_route=\/wp\/v2\/types\/post"}],"author":[{"embeddable":true,"href":"https:\/\/historiaus.usz.edu.pl\/index.php?rest_route=\/wp\/v2\/users\/9"}],"replies":[{"embeddable":true,"href":"https:\/\/historiaus.usz.edu.pl\/index.php?rest_route=%2Fwp%2Fv2%2Fcomments&post=10935"}],"version-history":[{"count":1,"href":"https:\/\/historiaus.usz.edu.pl\/index.php?rest_route=\/wp\/v2\/posts\/10935\/revisions"}],"predecessor-version":[{"id":10936,"href":"https:\/\/historiaus.usz.edu.pl\/index.php?rest_route=\/wp\/v2\/posts\/10935\/revisions\/10936"}],"wp:attachment":[{"href":"https:\/\/historiaus.usz.edu.pl\/index.php?rest_route=%2Fwp%2Fv2%2Fmedia&parent=10935"}],"wp:term":[{"taxonomy":"category","embeddable":true,"href":"https:\/\/historiaus.usz.edu.pl\/index.php?rest_route=%2Fwp%2Fv2%2Fcategories&post=10935"},{"taxonomy":"post_tag","embeddable":true,"href":"https:\/\/historiaus.usz.edu.pl\/index.php?rest_route=%2Fwp%2Fv2%2Ftags&post=10935"},{"taxonomy":"subpage_bus","embeddable":true,"href":"https:\/\/historiaus.usz.edu.pl\/index.php?rest_route=%2Fwp%2Fv2%2Fsubpage_bus&post=10935"}],"curies":[{"name":"wp","href":"https:\/\/api.w.org\/{rel}","templated":true}]}}