{"id":10946,"date":"2018-03-16T21:26:14","date_gmt":"2018-03-16T20:26:14","guid":{"rendered":"https:\/\/historiaus.usz.edu.pl\/?p=10946"},"modified":"2018-03-16T21:26:14","modified_gmt":"2018-03-16T20:26:14","slug":"uniwersytet-blizej-szkol","status":"publish","type":"post","link":"https:\/\/historiaus.usz.edu.pl\/?p=10946","title":{"rendered":"Uniwersytet bli\u017cej szk\u00f3\u0142"},"content":{"rendered":"<p><a href=\"https:\/\/historiaus.usz.edu.pl\/wp-content\/uploads\/2018\/03\/Uniwersytet-bli\u017cej-szk\u00f3\u0142-e1521231682155.jpg\"><img loading=\"lazy\" decoding=\"async\" class=\"size-medium wp-image-10947 aligncenter\" src=\"https:\/\/historiaus.usz.edu.pl\/wp-content\/uploads\/2018\/03\/Uniwersytet-bli\u017cej-szk\u00f3\u0142-e1521231682155-429x300.jpg\" alt=\"\" width=\"429\" height=\"300\" srcset=\"https:\/\/historiaus.usz.edu.pl\/wp-content\/uploads\/2018\/03\/Uniwersytet-bli\u017cej-szk\u00f3\u0142-e1521231682155-429x300.jpg 429w, https:\/\/historiaus.usz.edu.pl\/wp-content\/uploads\/2018\/03\/Uniwersytet-bli\u017cej-szk\u00f3\u0142-e1521231682155-768x537.jpg 768w, https:\/\/historiaus.usz.edu.pl\/wp-content\/uploads\/2018\/03\/Uniwersytet-bli\u017cej-szk\u00f3\u0142-e1521231682155.jpg 915w\" sizes=\"auto, (max-width: 429px) 100vw, 429px\" \/><\/a><\/p>\n","protected":false},"excerpt":{"rendered":"","protected":false},"author":9,"featured_media":0,"comment_status":"closed","ping_status":"closed","sticky":false,"template":"","format":"standard","meta":{"footnotes":""},"categories":[1484],"tags":[249,1768,1643,4096,82,136],"subpage_bus":[64,52,49,241,3754,55,62,134],"class_list":["post-10946","post","type-post","status-publish","format-standard","hentry","category-uniwersytet-szczecinski","tag-dzieci","tag-maturzysci","tag-mlodziez","tag-szkoly-usz-edu-pl","tag-uniwersytet-szczecinski","tag-wspolpraca","subpage_bus-baza-naukowa-i-materialna","subpage_bus-dydaktyka","subpage_bus-dzialalnosc-naukowa-i-dydaktyczna","subpage_bus-kalendarium","subpage_bus-oswiata-i-szkolnictwo","subpage_bus-proces-dydaktyczny","subpage_bus-rozwoj-uniwersytetu-sprawy-organizacyjne","subpage_bus-wspolpraca-naukowa-i-dydaktyczna"],"_links":{"self":[{"href":"https:\/\/historiaus.usz.edu.pl\/index.php?rest_route=\/wp\/v2\/posts\/10946","targetHints":{"allow":["GET"]}}],"collection":[{"href":"https:\/\/historiaus.usz.edu.pl\/index.php?rest_route=\/wp\/v2\/posts"}],"about":[{"href":"https:\/\/historiaus.usz.edu.pl\/index.php?rest_route=\/wp\/v2\/types\/post"}],"author":[{"embeddable":true,"href":"https:\/\/historiaus.usz.edu.pl\/index.php?rest_route=\/wp\/v2\/users\/9"}],"replies":[{"embeddable":true,"href":"https:\/\/historiaus.usz.edu.pl\/index.php?rest_route=%2Fwp%2Fv2%2Fcomments&post=10946"}],"version-history":[{"count":1,"href":"https:\/\/historiaus.usz.edu.pl\/index.php?rest_route=\/wp\/v2\/posts\/10946\/revisions"}],"predecessor-version":[{"id":10948,"href":"https:\/\/historiaus.usz.edu.pl\/index.php?rest_route=\/wp\/v2\/posts\/10946\/revisions\/10948"}],"wp:attachment":[{"href":"https:\/\/historiaus.usz.edu.pl\/index.php?rest_route=%2Fwp%2Fv2%2Fmedia&parent=10946"}],"wp:term":[{"taxonomy":"category","embeddable":true,"href":"https:\/\/historiaus.usz.edu.pl\/index.php?rest_route=%2Fwp%2Fv2%2Fcategories&post=10946"},{"taxonomy":"post_tag","embeddable":true,"href":"https:\/\/historiaus.usz.edu.pl\/index.php?rest_route=%2Fwp%2Fv2%2Ftags&post=10946"},{"taxonomy":"subpage_bus","embeddable":true,"href":"https:\/\/historiaus.usz.edu.pl\/index.php?rest_route=%2Fwp%2Fv2%2Fsubpage_bus&post=10946"}],"curies":[{"name":"wp","href":"https:\/\/api.w.org\/{rel}","templated":true}]}}