{"id":11154,"date":"2018-05-23T12:43:33","date_gmt":"2018-05-23T10:43:33","guid":{"rendered":"https:\/\/historiaus.usz.edu.pl\/?p=11154"},"modified":"2018-05-23T12:43:33","modified_gmt":"2018-05-23T10:43:33","slug":"rektorzy-zadaja-wyjasnien-od-premiera","status":"publish","type":"post","link":"https:\/\/historiaus.usz.edu.pl\/?p=11154","title":{"rendered":"Rektorzy \u017c\u0105daj\u0105 wyja\u015bnie\u0144 od premiera"},"content":{"rendered":"<p><a href=\"https:\/\/historiaus.usz.edu.pl\/wp-content\/uploads\/2018\/05\/gw-17.05.18.jpg\"><img loading=\"lazy\" decoding=\"async\" class=\"alignnone size-medium wp-image-11155\" src=\"https:\/\/historiaus.usz.edu.pl\/wp-content\/uploads\/2018\/05\/gw-17.05.18-339x300.jpg\" alt=\"\" width=\"339\" height=\"300\" srcset=\"https:\/\/historiaus.usz.edu.pl\/wp-content\/uploads\/2018\/05\/gw-17.05.18-339x300.jpg 339w, https:\/\/historiaus.usz.edu.pl\/wp-content\/uploads\/2018\/05\/gw-17.05.18-768x679.jpg 768w, https:\/\/historiaus.usz.edu.pl\/wp-content\/uploads\/2018\/05\/gw-17.05.18.jpg 1822w\" sizes=\"auto, (max-width: 339px) 100vw, 339px\" \/><\/a><\/p>\n","protected":false},"excerpt":{"rendered":"","protected":false},"author":5,"featured_media":0,"comment_status":"closed","ping_status":"closed","sticky":false,"template":"","format":"standard","meta":{"footnotes":""},"categories":[4196,1484],"tags":[4199,4208,1369],"subpage_bus":[49,48,47,3457,50,56,59],"class_list":["post-11154","post","type-post","status-publish","format-standard","hentry","category-osrodek-szkoleniowo-wypoczynkowy-w-pobierowie","category-uniwersytet-szczecinski","tag-karol-marks","tag-premier","tag-rektorzy","subpage_bus-dzialalnosc-naukowa-i-dydaktyczna","subpage_bus-konferencje-sympozja-zjazdy","subpage_bus-nauka","subpage_bus-prawo","subpage_bus-publikacje-wyklady-pracownikow-wypowiedzi-opinie-polemiki-udzial-w-imprezach","subpage_bus-zycie-spoleczne","subpage_bus-zycie-spoleczne-i-polityczne"],"_links":{"self":[{"href":"https:\/\/historiaus.usz.edu.pl\/index.php?rest_route=\/wp\/v2\/posts\/11154","targetHints":{"allow":["GET"]}}],"collection":[{"href":"https:\/\/historiaus.usz.edu.pl\/index.php?rest_route=\/wp\/v2\/posts"}],"about":[{"href":"https:\/\/historiaus.usz.edu.pl\/index.php?rest_route=\/wp\/v2\/types\/post"}],"author":[{"embeddable":true,"href":"https:\/\/historiaus.usz.edu.pl\/index.php?rest_route=\/wp\/v2\/users\/5"}],"replies":[{"embeddable":true,"href":"https:\/\/historiaus.usz.edu.pl\/index.php?rest_route=%2Fwp%2Fv2%2Fcomments&post=11154"}],"version-history":[{"count":1,"href":"https:\/\/historiaus.usz.edu.pl\/index.php?rest_route=\/wp\/v2\/posts\/11154\/revisions"}],"predecessor-version":[{"id":11156,"href":"https:\/\/historiaus.usz.edu.pl\/index.php?rest_route=\/wp\/v2\/posts\/11154\/revisions\/11156"}],"wp:attachment":[{"href":"https:\/\/historiaus.usz.edu.pl\/index.php?rest_route=%2Fwp%2Fv2%2Fmedia&parent=11154"}],"wp:term":[{"taxonomy":"category","embeddable":true,"href":"https:\/\/historiaus.usz.edu.pl\/index.php?rest_route=%2Fwp%2Fv2%2Fcategories&post=11154"},{"taxonomy":"post_tag","embeddable":true,"href":"https:\/\/historiaus.usz.edu.pl\/index.php?rest_route=%2Fwp%2Fv2%2Ftags&post=11154"},{"taxonomy":"subpage_bus","embeddable":true,"href":"https:\/\/historiaus.usz.edu.pl\/index.php?rest_route=%2Fwp%2Fv2%2Fsubpage_bus&post=11154"}],"curies":[{"name":"wp","href":"https:\/\/api.w.org\/{rel}","templated":true}]}}