{"id":11190,"date":"2018-07-20T11:44:47","date_gmt":"2018-07-20T09:44:47","guid":{"rendered":"https:\/\/historiaus.usz.edu.pl\/?p=11190"},"modified":"2018-07-24T09:09:07","modified_gmt":"2018-07-24T07:09:07","slug":"strach-sie-smiac-pozegnalne-zarty-joanny-kulmowej","status":"publish","type":"post","link":"https:\/\/historiaus.usz.edu.pl\/?p=11190","title":{"rendered":"Strach si\u0119 \u015bmia\u0107: po\u017cegnalne \u017carty Joanny Kulmowej"},"content":{"rendered":"<p><a href=\"https:\/\/historiaus.usz.edu.pl\/wp-content\/uploads\/2018\/07\/Strach-si\u0119-\u015bmia\u0107-KS-MAGAZYN-KURIERA-20.07.2018-S.7.jpg\"><img loading=\"lazy\" decoding=\"async\" class=\"size-medium wp-image-11191 aligncenter\" src=\"https:\/\/historiaus.usz.edu.pl\/wp-content\/uploads\/2018\/07\/Strach-si\u0119-\u015bmia\u0107-KS-MAGAZYN-KURIERA-20.07.2018-S.7-198x300.jpg\" alt=\"\" width=\"198\" height=\"300\" srcset=\"https:\/\/historiaus.usz.edu.pl\/wp-content\/uploads\/2018\/07\/Strach-si\u0119-\u015bmia\u0107-KS-MAGAZYN-KURIERA-20.07.2018-S.7-198x300.jpg 198w, https:\/\/historiaus.usz.edu.pl\/wp-content\/uploads\/2018\/07\/Strach-si\u0119-\u015bmia\u0107-KS-MAGAZYN-KURIERA-20.07.2018-S.7-768x1161.jpg 768w, https:\/\/historiaus.usz.edu.pl\/wp-content\/uploads\/2018\/07\/Strach-si\u0119-\u015bmia\u0107-KS-MAGAZYN-KURIERA-20.07.2018-S.7.jpg 1528w\" sizes=\"auto, (max-width: 198px) 100vw, 198px\" \/><\/a><\/p>\n","protected":false},"excerpt":{"rendered":"","protected":false},"author":9,"featured_media":0,"comment_status":"closed","ping_status":"closed","sticky":false,"template":"","format":"standard","meta":{"footnotes":""},"categories":[1484],"tags":[4219,207,150,4220],"subpage_bus":[241,60,86,57],"class_list":["post-11190","post","type-post","status-publish","format-standard","hentry","category-uniwersytet-szczecinski","tag-biografia","tag-joanna-kulmowa","tag-smierc","tag-tworczosc","subpage_bus-kalendarium","subpage_bus-kultura","subpage_bus-sylwetki","subpage_bus-wypowiedzi-ogolne"],"_links":{"self":[{"href":"https:\/\/historiaus.usz.edu.pl\/index.php?rest_route=\/wp\/v2\/posts\/11190","targetHints":{"allow":["GET"]}}],"collection":[{"href":"https:\/\/historiaus.usz.edu.pl\/index.php?rest_route=\/wp\/v2\/posts"}],"about":[{"href":"https:\/\/historiaus.usz.edu.pl\/index.php?rest_route=\/wp\/v2\/types\/post"}],"author":[{"embeddable":true,"href":"https:\/\/historiaus.usz.edu.pl\/index.php?rest_route=\/wp\/v2\/users\/9"}],"replies":[{"embeddable":true,"href":"https:\/\/historiaus.usz.edu.pl\/index.php?rest_route=%2Fwp%2Fv2%2Fcomments&post=11190"}],"version-history":[{"count":2,"href":"https:\/\/historiaus.usz.edu.pl\/index.php?rest_route=\/wp\/v2\/posts\/11190\/revisions"}],"predecessor-version":[{"id":11232,"href":"https:\/\/historiaus.usz.edu.pl\/index.php?rest_route=\/wp\/v2\/posts\/11190\/revisions\/11232"}],"wp:attachment":[{"href":"https:\/\/historiaus.usz.edu.pl\/index.php?rest_route=%2Fwp%2Fv2%2Fmedia&parent=11190"}],"wp:term":[{"taxonomy":"category","embeddable":true,"href":"https:\/\/historiaus.usz.edu.pl\/index.php?rest_route=%2Fwp%2Fv2%2Fcategories&post=11190"},{"taxonomy":"post_tag","embeddable":true,"href":"https:\/\/historiaus.usz.edu.pl\/index.php?rest_route=%2Fwp%2Fv2%2Ftags&post=11190"},{"taxonomy":"subpage_bus","embeddable":true,"href":"https:\/\/historiaus.usz.edu.pl\/index.php?rest_route=%2Fwp%2Fv2%2Fsubpage_bus&post=11190"}],"curies":[{"name":"wp","href":"https:\/\/api.w.org\/{rel}","templated":true}]}}