{"id":11194,"date":"2018-07-23T12:45:18","date_gmt":"2018-07-23T10:45:18","guid":{"rendered":"https:\/\/historiaus.usz.edu.pl\/?p=11194"},"modified":"2018-09-05T12:22:33","modified_gmt":"2018-09-05T10:22:33","slug":"szczecinskie-uczelnie-maja-pieniadze-na-duze-projekty-2","status":"publish","type":"post","link":"https:\/\/historiaus.usz.edu.pl\/?p=11194","title":{"rendered":"Szczeci\u0144skie uczelnie maj\u0105 pieni\u0105dze na du\u017ce projekty"},"content":{"rendered":"<p><a href=\"https:\/\/historiaus.usz.edu.pl\/wp-content\/uploads\/2018\/07\/Szczeci\u0144skie-uczelnie-maj\u0105-pieni\u0105dze-na-du\u017ce-projekty.jpg\"><img loading=\"lazy\" decoding=\"async\" class=\"size-medium wp-image-11195 aligncenter\" src=\"https:\/\/historiaus.usz.edu.pl\/wp-content\/uploads\/2018\/07\/Szczeci\u0144skie-uczelnie-maj\u0105-pieni\u0105dze-na-du\u017ce-projekty-228x300.jpg\" alt=\"\" width=\"228\" height=\"300\" srcset=\"https:\/\/historiaus.usz.edu.pl\/wp-content\/uploads\/2018\/07\/Szczeci\u0144skie-uczelnie-maj\u0105-pieni\u0105dze-na-du\u017ce-projekty-228x300.jpg 228w, https:\/\/historiaus.usz.edu.pl\/wp-content\/uploads\/2018\/07\/Szczeci\u0144skie-uczelnie-maj\u0105-pieni\u0105dze-na-du\u017ce-projekty-768x1012.jpg 768w, https:\/\/historiaus.usz.edu.pl\/wp-content\/uploads\/2018\/07\/Szczeci\u0144skie-uczelnie-maj\u0105-pieni\u0105dze-na-du\u017ce-projekty.jpg 1460w\" sizes=\"auto, (max-width: 228px) 100vw, 228px\" \/><\/a><\/p>\n","protected":false},"excerpt":{"rendered":"","protected":false},"author":9,"featured_media":0,"comment_status":"closed","ping_status":"closed","sticky":false,"template":"","format":"standard","meta":{"footnotes":""},"categories":[1484],"tags":[4222,4225,1876,4221,206,4224,4223,82],"subpage_bus":[64,49,241,55,62],"class_list":["post-11194","post","type-post","status-publish","format-standard","hentry","category-uniwersytet-szczecinski","tag-granty-ministerialne","tag-ksztalcenie-interdyscyplinarne","tag-prof-dr-hab-edward-wlodarczyk","tag-projekty","tag-rektor","tag-strefa-kariery","tag-uniwersytet-2-0","tag-uniwersytet-szczecinski","subpage_bus-baza-naukowa-i-materialna","subpage_bus-dzialalnosc-naukowa-i-dydaktyczna","subpage_bus-kalendarium","subpage_bus-proces-dydaktyczny","subpage_bus-rozwoj-uniwersytetu-sprawy-organizacyjne"],"_links":{"self":[{"href":"https:\/\/historiaus.usz.edu.pl\/index.php?rest_route=\/wp\/v2\/posts\/11194","targetHints":{"allow":["GET"]}}],"collection":[{"href":"https:\/\/historiaus.usz.edu.pl\/index.php?rest_route=\/wp\/v2\/posts"}],"about":[{"href":"https:\/\/historiaus.usz.edu.pl\/index.php?rest_route=\/wp\/v2\/types\/post"}],"author":[{"embeddable":true,"href":"https:\/\/historiaus.usz.edu.pl\/index.php?rest_route=\/wp\/v2\/users\/9"}],"replies":[{"embeddable":true,"href":"https:\/\/historiaus.usz.edu.pl\/index.php?rest_route=%2Fwp%2Fv2%2Fcomments&post=11194"}],"version-history":[{"count":2,"href":"https:\/\/historiaus.usz.edu.pl\/index.php?rest_route=\/wp\/v2\/posts\/11194\/revisions"}],"predecessor-version":[{"id":11231,"href":"https:\/\/historiaus.usz.edu.pl\/index.php?rest_route=\/wp\/v2\/posts\/11194\/revisions\/11231"}],"wp:attachment":[{"href":"https:\/\/historiaus.usz.edu.pl\/index.php?rest_route=%2Fwp%2Fv2%2Fmedia&parent=11194"}],"wp:term":[{"taxonomy":"category","embeddable":true,"href":"https:\/\/historiaus.usz.edu.pl\/index.php?rest_route=%2Fwp%2Fv2%2Fcategories&post=11194"},{"taxonomy":"post_tag","embeddable":true,"href":"https:\/\/historiaus.usz.edu.pl\/index.php?rest_route=%2Fwp%2Fv2%2Ftags&post=11194"},{"taxonomy":"subpage_bus","embeddable":true,"href":"https:\/\/historiaus.usz.edu.pl\/index.php?rest_route=%2Fwp%2Fv2%2Fsubpage_bus&post=11194"}],"curies":[{"name":"wp","href":"https:\/\/api.w.org\/{rel}","templated":true}]}}