{"id":11213,"date":"2018-07-23T13:37:44","date_gmt":"2018-07-23T11:37:44","guid":{"rendered":"https:\/\/historiaus.usz.edu.pl\/?p=11213"},"modified":"2018-07-24T09:05:13","modified_gmt":"2018-07-24T07:05:13","slug":"interdyscyplinarnosc-przyszloscia-nauki","status":"publish","type":"post","link":"https:\/\/historiaus.usz.edu.pl\/?p=11213","title":{"rendered":"Interdyscyplinarno\u015b\u0107 przysz\u0142o\u015bci\u0105 nauki"},"content":{"rendered":"<p><a href=\"https:\/\/historiaus.usz.edu.pl\/wp-content\/uploads\/2018\/07\/KS-29.06.2018-S.6.jpg\"><img loading=\"lazy\" decoding=\"async\" class=\"size-medium wp-image-11214 aligncenter\" src=\"https:\/\/historiaus.usz.edu.pl\/wp-content\/uploads\/2018\/07\/KS-29.06.2018-S.6-388x300.jpg\" alt=\"\" width=\"388\" height=\"300\" srcset=\"https:\/\/historiaus.usz.edu.pl\/wp-content\/uploads\/2018\/07\/KS-29.06.2018-S.6-388x300.jpg 388w, https:\/\/historiaus.usz.edu.pl\/wp-content\/uploads\/2018\/07\/KS-29.06.2018-S.6-768x593.jpg 768w, https:\/\/historiaus.usz.edu.pl\/wp-content\/uploads\/2018\/07\/KS-29.06.2018-S.6.jpg 1516w\" sizes=\"auto, (max-width: 388px) 100vw, 388px\" \/><\/a><\/p>\n","protected":false},"excerpt":{"rendered":"","protected":false},"author":9,"featured_media":0,"comment_status":"closed","ping_status":"closed","sticky":false,"template":"","format":"standard","meta":{"footnotes":""},"categories":[1484],"tags":[137,4227,4234,4235,4233,82],"subpage_bus":[241,54,47,3881,55,62,134],"class_list":["post-11213","post","type-post","status-publish","format-standard","hentry","category-uniwersytet-szczecinski","tag-rekrutacja","tag-studia-interdyscyplinarne","tag-szkola-letnia-badacza","tag-szkola-letnia-dydaktyka","tag-uniwersytet-2-0-strefa-kariery","tag-uniwersytet-szczecinski","subpage_bus-kalendarium","subpage_bus-nabor-na-studia-nowe-kierunki-ksztalcenia","subpage_bus-nauka","subpage_bus-nauka-zycie-studenckie","subpage_bus-proces-dydaktyczny","subpage_bus-rozwoj-uniwersytetu-sprawy-organizacyjne","subpage_bus-wspolpraca-naukowa-i-dydaktyczna"],"_links":{"self":[{"href":"https:\/\/historiaus.usz.edu.pl\/index.php?rest_route=\/wp\/v2\/posts\/11213","targetHints":{"allow":["GET"]}}],"collection":[{"href":"https:\/\/historiaus.usz.edu.pl\/index.php?rest_route=\/wp\/v2\/posts"}],"about":[{"href":"https:\/\/historiaus.usz.edu.pl\/index.php?rest_route=\/wp\/v2\/types\/post"}],"author":[{"embeddable":true,"href":"https:\/\/historiaus.usz.edu.pl\/index.php?rest_route=\/wp\/v2\/users\/9"}],"replies":[{"embeddable":true,"href":"https:\/\/historiaus.usz.edu.pl\/index.php?rest_route=%2Fwp%2Fv2%2Fcomments&post=11213"}],"version-history":[{"count":2,"href":"https:\/\/historiaus.usz.edu.pl\/index.php?rest_route=\/wp\/v2\/posts\/11213\/revisions"}],"predecessor-version":[{"id":11225,"href":"https:\/\/historiaus.usz.edu.pl\/index.php?rest_route=\/wp\/v2\/posts\/11213\/revisions\/11225"}],"wp:attachment":[{"href":"https:\/\/historiaus.usz.edu.pl\/index.php?rest_route=%2Fwp%2Fv2%2Fmedia&parent=11213"}],"wp:term":[{"taxonomy":"category","embeddable":true,"href":"https:\/\/historiaus.usz.edu.pl\/index.php?rest_route=%2Fwp%2Fv2%2Fcategories&post=11213"},{"taxonomy":"post_tag","embeddable":true,"href":"https:\/\/historiaus.usz.edu.pl\/index.php?rest_route=%2Fwp%2Fv2%2Ftags&post=11213"},{"taxonomy":"subpage_bus","embeddable":true,"href":"https:\/\/historiaus.usz.edu.pl\/index.php?rest_route=%2Fwp%2Fv2%2Fsubpage_bus&post=11213"}],"curies":[{"name":"wp","href":"https:\/\/api.w.org\/{rel}","templated":true}]}}