{"id":11279,"date":"2018-07-24T23:34:06","date_gmt":"2018-07-24T21:34:06","guid":{"rendered":"https:\/\/historiaus.usz.edu.pl\/?p=11279"},"modified":"2018-09-05T07:40:43","modified_gmt":"2018-09-05T05:40:43","slug":"uniwersytet-szczecinski-przedstawil-nowosci","status":"publish","type":"post","link":"https:\/\/historiaus.usz.edu.pl\/?p=11279","title":{"rendered":"Uniwersytet Szczeci\u0144ski przedstawi\u0142 nowo\u015bci"},"content":{"rendered":"<p><a href=\"https:\/\/historiaus.usz.edu.pl\/wp-content\/uploads\/2018\/07\/ks-13.06.2018-s.5-jpg.jpg\"><img loading=\"lazy\" decoding=\"async\" class=\"size-medium wp-image-11280 aligncenter\" src=\"https:\/\/historiaus.usz.edu.pl\/wp-content\/uploads\/2018\/07\/ks-13.06.2018-s.5-jpg-450x179.jpg\" alt=\"\" width=\"450\" height=\"179\" srcset=\"https:\/\/historiaus.usz.edu.pl\/wp-content\/uploads\/2018\/07\/ks-13.06.2018-s.5-jpg-450x179.jpg 450w, https:\/\/historiaus.usz.edu.pl\/wp-content\/uploads\/2018\/07\/ks-13.06.2018-s.5-jpg-768x305.jpg 768w, https:\/\/historiaus.usz.edu.pl\/wp-content\/uploads\/2018\/07\/ks-13.06.2018-s.5-jpg.jpg 1518w\" sizes=\"auto, (max-width: 450px) 100vw, 450px\" \/><\/a><\/p>\n","protected":false},"excerpt":{"rendered":"","protected":false},"author":9,"featured_media":0,"comment_status":"closed","ping_status":"closed","sticky":false,"template":"","format":"standard","meta":{"footnotes":""},"categories":[1484],"tags":[3969,4180,4342,4227,4252,4233],"subpage_bus":[3581,241,54,3881,55,62,134],"class_list":["post-11279","post","type-post","status-publish","format-standard","hentry","category-uniwersytet-szczecinski","tag-dr-hab-jacek-styszynski","tag-dr-hab-maciej-witek","tag-dr-hab-malgorzata-porada-rochon","tag-studia-interdyscyplinarne","tag-studia-miedzywydzialowe","tag-uniwersytet-2-0-strefa-kariery","subpage_bus-doktoranci","subpage_bus-kalendarium","subpage_bus-nabor-na-studia-nowe-kierunki-ksztalcenia","subpage_bus-nauka-zycie-studenckie","subpage_bus-proces-dydaktyczny","subpage_bus-rozwoj-uniwersytetu-sprawy-organizacyjne","subpage_bus-wspolpraca-naukowa-i-dydaktyczna"],"_links":{"self":[{"href":"https:\/\/historiaus.usz.edu.pl\/index.php?rest_route=\/wp\/v2\/posts\/11279","targetHints":{"allow":["GET"]}}],"collection":[{"href":"https:\/\/historiaus.usz.edu.pl\/index.php?rest_route=\/wp\/v2\/posts"}],"about":[{"href":"https:\/\/historiaus.usz.edu.pl\/index.php?rest_route=\/wp\/v2\/types\/post"}],"author":[{"embeddable":true,"href":"https:\/\/historiaus.usz.edu.pl\/index.php?rest_route=\/wp\/v2\/users\/9"}],"replies":[{"embeddable":true,"href":"https:\/\/historiaus.usz.edu.pl\/index.php?rest_route=%2Fwp%2Fv2%2Fcomments&post=11279"}],"version-history":[{"count":1,"href":"https:\/\/historiaus.usz.edu.pl\/index.php?rest_route=\/wp\/v2\/posts\/11279\/revisions"}],"predecessor-version":[{"id":11281,"href":"https:\/\/historiaus.usz.edu.pl\/index.php?rest_route=\/wp\/v2\/posts\/11279\/revisions\/11281"}],"wp:attachment":[{"href":"https:\/\/historiaus.usz.edu.pl\/index.php?rest_route=%2Fwp%2Fv2%2Fmedia&parent=11279"}],"wp:term":[{"taxonomy":"category","embeddable":true,"href":"https:\/\/historiaus.usz.edu.pl\/index.php?rest_route=%2Fwp%2Fv2%2Fcategories&post=11279"},{"taxonomy":"post_tag","embeddable":true,"href":"https:\/\/historiaus.usz.edu.pl\/index.php?rest_route=%2Fwp%2Fv2%2Ftags&post=11279"},{"taxonomy":"subpage_bus","embeddable":true,"href":"https:\/\/historiaus.usz.edu.pl\/index.php?rest_route=%2Fwp%2Fv2%2Fsubpage_bus&post=11279"}],"curies":[{"name":"wp","href":"https:\/\/api.w.org\/{rel}","templated":true}]}}