{"id":11362,"date":"2018-08-14T23:25:34","date_gmt":"2018-08-14T21:25:34","guid":{"rendered":"https:\/\/historiaus.usz.edu.pl\/?p=11362"},"modified":"2018-09-04T14:52:02","modified_gmt":"2018-09-04T12:52:02","slug":"spiewal-chor-uniwersytetu","status":"publish","type":"post","link":"https:\/\/historiaus.usz.edu.pl\/?p=11362","title":{"rendered":"\u015apiewa\u0142 Ch\u00f3r Uniwersytetu"},"content":{"rendered":"<p><a href=\"https:\/\/historiaus.usz.edu.pl\/wp-content\/uploads\/2018\/08\/ks-26.06.2018-s.9.jpg\"><img loading=\"lazy\" decoding=\"async\" class=\"size-medium wp-image-11363 aligncenter\" src=\"https:\/\/historiaus.usz.edu.pl\/wp-content\/uploads\/2018\/08\/ks-26.06.2018-s.9-187x300.jpg\" alt=\"\" width=\"187\" height=\"300\" srcset=\"https:\/\/historiaus.usz.edu.pl\/wp-content\/uploads\/2018\/08\/ks-26.06.2018-s.9-187x300.jpg 187w, https:\/\/historiaus.usz.edu.pl\/wp-content\/uploads\/2018\/08\/ks-26.06.2018-s.9-768x1233.jpg 768w, https:\/\/historiaus.usz.edu.pl\/wp-content\/uploads\/2018\/08\/ks-26.06.2018-s.9.jpg 911w\" sizes=\"auto, (max-width: 187px) 100vw, 187px\" \/><\/a><\/p>\n","protected":false},"excerpt":{"rendered":"","protected":false},"author":9,"featured_media":0,"comment_status":"closed","ping_status":"closed","sticky":false,"template":"","format":"standard","meta":{"footnotes":""},"categories":[1484],"tags":[4280,1706,4281,4278,4279,4276,1876,4277],"subpage_bus":[2816,3581,241,60,50],"class_list":["post-11362","post","type-post","status-publish","format-standard","hentry","category-uniwersytet-szczecinski","tag-cappella-thoruniensis","tag-chor-uniwersytetu-szczecinskiego","tag-dr-andrzej-watorski","tag-fete-de-la-musique","tag-koncert-uniwersytecki","tag-paul-esswood","tag-prof-dr-hab-edward-wlodarczyk","tag-swieto-muzyki","subpage_bus-absolwenci","subpage_bus-doktoranci","subpage_bus-kalendarium","subpage_bus-kultura","subpage_bus-publikacje-wyklady-pracownikow-wypowiedzi-opinie-polemiki-udzial-w-imprezach"],"_links":{"self":[{"href":"https:\/\/historiaus.usz.edu.pl\/index.php?rest_route=\/wp\/v2\/posts\/11362","targetHints":{"allow":["GET"]}}],"collection":[{"href":"https:\/\/historiaus.usz.edu.pl\/index.php?rest_route=\/wp\/v2\/posts"}],"about":[{"href":"https:\/\/historiaus.usz.edu.pl\/index.php?rest_route=\/wp\/v2\/types\/post"}],"author":[{"embeddable":true,"href":"https:\/\/historiaus.usz.edu.pl\/index.php?rest_route=\/wp\/v2\/users\/9"}],"replies":[{"embeddable":true,"href":"https:\/\/historiaus.usz.edu.pl\/index.php?rest_route=%2Fwp%2Fv2%2Fcomments&post=11362"}],"version-history":[{"count":1,"href":"https:\/\/historiaus.usz.edu.pl\/index.php?rest_route=\/wp\/v2\/posts\/11362\/revisions"}],"predecessor-version":[{"id":11364,"href":"https:\/\/historiaus.usz.edu.pl\/index.php?rest_route=\/wp\/v2\/posts\/11362\/revisions\/11364"}],"wp:attachment":[{"href":"https:\/\/historiaus.usz.edu.pl\/index.php?rest_route=%2Fwp%2Fv2%2Fmedia&parent=11362"}],"wp:term":[{"taxonomy":"category","embeddable":true,"href":"https:\/\/historiaus.usz.edu.pl\/index.php?rest_route=%2Fwp%2Fv2%2Fcategories&post=11362"},{"taxonomy":"post_tag","embeddable":true,"href":"https:\/\/historiaus.usz.edu.pl\/index.php?rest_route=%2Fwp%2Fv2%2Ftags&post=11362"},{"taxonomy":"subpage_bus","embeddable":true,"href":"https:\/\/historiaus.usz.edu.pl\/index.php?rest_route=%2Fwp%2Fv2%2Fsubpage_bus&post=11362"}],"curies":[{"name":"wp","href":"https:\/\/api.w.org\/{rel}","templated":true}]}}