{"id":11375,"date":"2018-08-15T01:37:44","date_gmt":"2018-08-14T23:37:44","guid":{"rendered":"https:\/\/historiaus.usz.edu.pl\/?p=11375"},"modified":"2018-09-04T14:47:31","modified_gmt":"2018-09-04T12:47:31","slug":"trzeba-bylo-to-uporzadkowac","status":"publish","type":"post","link":"https:\/\/historiaus.usz.edu.pl\/?p=11375","title":{"rendered":"Trzeba by\u0142o to uporz\u0105dkowa\u0107"},"content":{"rendered":"<p><a href=\"https:\/\/historiaus.usz.edu.pl\/wp-content\/uploads\/2018\/08\/ks-25.05.2018-s.18.jpg\"><img loading=\"lazy\" decoding=\"async\" class=\"size-medium wp-image-11376 aligncenter\" src=\"https:\/\/historiaus.usz.edu.pl\/wp-content\/uploads\/2018\/08\/ks-25.05.2018-s.18-205x300.jpg\" alt=\"\" width=\"205\" height=\"300\" srcset=\"https:\/\/historiaus.usz.edu.pl\/wp-content\/uploads\/2018\/08\/ks-25.05.2018-s.18-205x300.jpg 205w, https:\/\/historiaus.usz.edu.pl\/wp-content\/uploads\/2018\/08\/ks-25.05.2018-s.18-768x1123.jpg 768w, https:\/\/historiaus.usz.edu.pl\/wp-content\/uploads\/2018\/08\/ks-25.05.2018-s.18.jpg 1557w\" sizes=\"auto, (max-width: 205px) 100vw, 205px\" \/><\/a><\/p>\n","protected":false},"excerpt":{"rendered":"","protected":false},"author":9,"featured_media":0,"comment_status":"closed","ping_status":"closed","sticky":false,"template":"","format":"standard","meta":{"footnotes":""},"categories":[1484],"tags":[4296,4295,1647,2392,1912,180,4022,4297,1938],"subpage_bus":[49,60,50,343,56,59],"class_list":["post-11375","post","type-post","status-publish","format-standard","hentry","category-uniwersytet-szczecinski","tag-fizjografia","tag-nazwy-geograficzne","tag-pomorze-zachodnie","tag-prof-dr-hab-edward-rymar","tag-prof-dr-hab-tadeusz-bialecki","tag-publikacja","tag-stanislaw-krzywicki","tag-stanislaw-rospond","tag-szczecinskie-towarzystwo-kultury","subpage_bus-dzialalnosc-naukowa-i-dydaktyczna","subpage_bus-kultura","subpage_bus-publikacje-wyklady-pracownikow-wypowiedzi-opinie-polemiki-udzial-w-imprezach","subpage_bus-wywiad","subpage_bus-zycie-spoleczne","subpage_bus-zycie-spoleczne-i-polityczne"],"_links":{"self":[{"href":"https:\/\/historiaus.usz.edu.pl\/index.php?rest_route=\/wp\/v2\/posts\/11375","targetHints":{"allow":["GET"]}}],"collection":[{"href":"https:\/\/historiaus.usz.edu.pl\/index.php?rest_route=\/wp\/v2\/posts"}],"about":[{"href":"https:\/\/historiaus.usz.edu.pl\/index.php?rest_route=\/wp\/v2\/types\/post"}],"author":[{"embeddable":true,"href":"https:\/\/historiaus.usz.edu.pl\/index.php?rest_route=\/wp\/v2\/users\/9"}],"replies":[{"embeddable":true,"href":"https:\/\/historiaus.usz.edu.pl\/index.php?rest_route=%2Fwp%2Fv2%2Fcomments&post=11375"}],"version-history":[{"count":1,"href":"https:\/\/historiaus.usz.edu.pl\/index.php?rest_route=\/wp\/v2\/posts\/11375\/revisions"}],"predecessor-version":[{"id":11377,"href":"https:\/\/historiaus.usz.edu.pl\/index.php?rest_route=\/wp\/v2\/posts\/11375\/revisions\/11377"}],"wp:attachment":[{"href":"https:\/\/historiaus.usz.edu.pl\/index.php?rest_route=%2Fwp%2Fv2%2Fmedia&parent=11375"}],"wp:term":[{"taxonomy":"category","embeddable":true,"href":"https:\/\/historiaus.usz.edu.pl\/index.php?rest_route=%2Fwp%2Fv2%2Fcategories&post=11375"},{"taxonomy":"post_tag","embeddable":true,"href":"https:\/\/historiaus.usz.edu.pl\/index.php?rest_route=%2Fwp%2Fv2%2Ftags&post=11375"},{"taxonomy":"subpage_bus","embeddable":true,"href":"https:\/\/historiaus.usz.edu.pl\/index.php?rest_route=%2Fwp%2Fv2%2Fsubpage_bus&post=11375"}],"curies":[{"name":"wp","href":"https:\/\/api.w.org\/{rel}","templated":true}]}}