{"id":11442,"date":"2018-08-22T12:08:44","date_gmt":"2018-08-22T10:08:44","guid":{"rendered":"https:\/\/historiaus.usz.edu.pl\/?p=11442"},"modified":"2018-09-04T11:38:55","modified_gmt":"2018-09-04T09:38:55","slug":"naukowcy-nie-beda-scigani-za-rozmowy-o-karolu-marksie","status":"publish","type":"post","link":"https:\/\/historiaus.usz.edu.pl\/?p=11442","title":{"rendered":"Naukowcy nie b\u0119d\u0105 \u015bcigani za rozmowy o Karolu Marksie"},"content":{"rendered":"<p><a href=\"https:\/\/historiaus.usz.edu.pl\/wp-content\/uploads\/2018\/08\/Naukowcy-Marks.jpg\"><img loading=\"lazy\" decoding=\"async\" class=\"size-medium wp-image-11443 aligncenter\" src=\"https:\/\/historiaus.usz.edu.pl\/wp-content\/uploads\/2018\/08\/Naukowcy-Marks-271x300.jpg\" alt=\"\" width=\"271\" height=\"300\" srcset=\"https:\/\/historiaus.usz.edu.pl\/wp-content\/uploads\/2018\/08\/Naukowcy-Marks-271x300.jpg 271w, https:\/\/historiaus.usz.edu.pl\/wp-content\/uploads\/2018\/08\/Naukowcy-Marks-768x850.jpg 768w, https:\/\/historiaus.usz.edu.pl\/wp-content\/uploads\/2018\/08\/Naukowcy-Marks.jpg 2026w\" sizes=\"auto, (max-width: 271px) 100vw, 271px\" \/><\/a><\/p>\n","protected":false},"excerpt":{"rendered":"","protected":false},"author":9,"featured_media":0,"comment_status":"closed","ping_status":"closed","sticky":false,"template":"","format":"standard","meta":{"footnotes":""},"categories":[1484],"tags":[4198,4199,4187,131,206,4331],"subpage_bus":[241,48,60,63,59],"class_list":["post-11442","post","type-post","status-publish","format-standard","hentry","category-uniwersytet-szczecinski","tag-dr-hab-jerzy-kochan","tag-karol-marks","tag-komunizm","tag-konferencja","tag-rektor","tag-wolnosc-nauki","subpage_bus-kalendarium","subpage_bus-konferencje-sympozja-zjazdy","subpage_bus-kultura","subpage_bus-wladze-us-problemy-funkcjonowania-us","subpage_bus-zycie-spoleczne-i-polityczne"],"_links":{"self":[{"href":"https:\/\/historiaus.usz.edu.pl\/index.php?rest_route=\/wp\/v2\/posts\/11442","targetHints":{"allow":["GET"]}}],"collection":[{"href":"https:\/\/historiaus.usz.edu.pl\/index.php?rest_route=\/wp\/v2\/posts"}],"about":[{"href":"https:\/\/historiaus.usz.edu.pl\/index.php?rest_route=\/wp\/v2\/types\/post"}],"author":[{"embeddable":true,"href":"https:\/\/historiaus.usz.edu.pl\/index.php?rest_route=\/wp\/v2\/users\/9"}],"replies":[{"embeddable":true,"href":"https:\/\/historiaus.usz.edu.pl\/index.php?rest_route=%2Fwp%2Fv2%2Fcomments&post=11442"}],"version-history":[{"count":1,"href":"https:\/\/historiaus.usz.edu.pl\/index.php?rest_route=\/wp\/v2\/posts\/11442\/revisions"}],"predecessor-version":[{"id":11444,"href":"https:\/\/historiaus.usz.edu.pl\/index.php?rest_route=\/wp\/v2\/posts\/11442\/revisions\/11444"}],"wp:attachment":[{"href":"https:\/\/historiaus.usz.edu.pl\/index.php?rest_route=%2Fwp%2Fv2%2Fmedia&parent=11442"}],"wp:term":[{"taxonomy":"category","embeddable":true,"href":"https:\/\/historiaus.usz.edu.pl\/index.php?rest_route=%2Fwp%2Fv2%2Fcategories&post=11442"},{"taxonomy":"post_tag","embeddable":true,"href":"https:\/\/historiaus.usz.edu.pl\/index.php?rest_route=%2Fwp%2Fv2%2Ftags&post=11442"},{"taxonomy":"subpage_bus","embeddable":true,"href":"https:\/\/historiaus.usz.edu.pl\/index.php?rest_route=%2Fwp%2Fv2%2Fsubpage_bus&post=11442"}],"curies":[{"name":"wp","href":"https:\/\/api.w.org\/{rel}","templated":true}]}}