{"id":11455,"date":"2018-08-27T07:48:22","date_gmt":"2018-08-27T05:48:22","guid":{"rendered":"https:\/\/historiaus.usz.edu.pl\/?p=11455"},"modified":"2018-09-04T14:15:50","modified_gmt":"2018-09-04T12:15:50","slug":"pozegnalismy-danusie-dabrowska","status":"publish","type":"post","link":"https:\/\/historiaus.usz.edu.pl\/?p=11455","title":{"rendered":"Po\u017cegnali\u015bmy Danusi\u0119 D\u0105browsk\u0105"},"content":{"rendered":"<p><a href=\"https:\/\/historiaus.usz.edu.pl\/wp-content\/uploads\/2018\/08\/GS-24-08-2018-S.5.jpg\"><img loading=\"lazy\" decoding=\"async\" class=\"size-medium wp-image-11456 aligncenter\" src=\"https:\/\/historiaus.usz.edu.pl\/wp-content\/uploads\/2018\/08\/GS-24-08-2018-S.5-450x260.jpg\" alt=\"\" width=\"450\" height=\"260\" srcset=\"https:\/\/historiaus.usz.edu.pl\/wp-content\/uploads\/2018\/08\/GS-24-08-2018-S.5-450x260.jpg 450w, https:\/\/historiaus.usz.edu.pl\/wp-content\/uploads\/2018\/08\/GS-24-08-2018-S.5-768x443.jpg 768w, https:\/\/historiaus.usz.edu.pl\/wp-content\/uploads\/2018\/08\/GS-24-08-2018-S.5.jpg 1590w\" sizes=\"auto, (max-width: 450px) 100vw, 450px\" \/><\/a><\/p>\n","protected":false},"excerpt":{"rendered":"","protected":false},"author":9,"featured_media":0,"comment_status":"closed","ping_status":"closed","sticky":false,"template":"","format":"standard","meta":{"footnotes":""},"categories":[1484],"tags":[2602,3570,1836,4311,150],"subpage_bus":[241,86,56],"class_list":["post-11455","post","type-post","status-publish","format-standard","hentry","category-uniwersytet-szczecinski","tag-zlote-pioro-glosu","tag-pawel-bartnik","tag-pogrzeb","tag-prof-dr-hab-danuta-dabrowska","tag-smierc","subpage_bus-kalendarium","subpage_bus-sylwetki","subpage_bus-zycie-spoleczne"],"_links":{"self":[{"href":"https:\/\/historiaus.usz.edu.pl\/index.php?rest_route=\/wp\/v2\/posts\/11455","targetHints":{"allow":["GET"]}}],"collection":[{"href":"https:\/\/historiaus.usz.edu.pl\/index.php?rest_route=\/wp\/v2\/posts"}],"about":[{"href":"https:\/\/historiaus.usz.edu.pl\/index.php?rest_route=\/wp\/v2\/types\/post"}],"author":[{"embeddable":true,"href":"https:\/\/historiaus.usz.edu.pl\/index.php?rest_route=\/wp\/v2\/users\/9"}],"replies":[{"embeddable":true,"href":"https:\/\/historiaus.usz.edu.pl\/index.php?rest_route=%2Fwp%2Fv2%2Fcomments&post=11455"}],"version-history":[{"count":1,"href":"https:\/\/historiaus.usz.edu.pl\/index.php?rest_route=\/wp\/v2\/posts\/11455\/revisions"}],"predecessor-version":[{"id":11457,"href":"https:\/\/historiaus.usz.edu.pl\/index.php?rest_route=\/wp\/v2\/posts\/11455\/revisions\/11457"}],"wp:attachment":[{"href":"https:\/\/historiaus.usz.edu.pl\/index.php?rest_route=%2Fwp%2Fv2%2Fmedia&parent=11455"}],"wp:term":[{"taxonomy":"category","embeddable":true,"href":"https:\/\/historiaus.usz.edu.pl\/index.php?rest_route=%2Fwp%2Fv2%2Fcategories&post=11455"},{"taxonomy":"post_tag","embeddable":true,"href":"https:\/\/historiaus.usz.edu.pl\/index.php?rest_route=%2Fwp%2Fv2%2Ftags&post=11455"},{"taxonomy":"subpage_bus","embeddable":true,"href":"https:\/\/historiaus.usz.edu.pl\/index.php?rest_route=%2Fwp%2Fv2%2Fsubpage_bus&post=11455"}],"curies":[{"name":"wp","href":"https:\/\/api.w.org\/{rel}","templated":true}]}}