{"id":11458,"date":"2018-08-27T08:10:56","date_gmt":"2018-08-27T06:10:56","guid":{"rendered":"https:\/\/historiaus.usz.edu.pl\/?p=11458"},"modified":"2018-09-04T11:39:32","modified_gmt":"2018-09-04T09:39:32","slug":"swiat-nauki-odetchnal-prokuratura-laskawa-dla-profesorow-od-marksa","status":"publish","type":"post","link":"https:\/\/historiaus.usz.edu.pl\/?p=11458","title":{"rendered":"\u015awiat nauki odetchn\u0105\u0142. Prokuratura \u0142askawa dla profesor\u00f3w od Marksa"},"content":{"rendered":"<p><a href=\"https:\/\/historiaus.usz.edu.pl\/wp-content\/uploads\/2018\/08\/gs-24.08.2018.jpg\"><img loading=\"lazy\" decoding=\"async\" class=\"size-medium wp-image-11459 aligncenter\" src=\"https:\/\/historiaus.usz.edu.pl\/wp-content\/uploads\/2018\/08\/gs-24.08.2018-279x300.jpg\" alt=\"\" width=\"279\" height=\"300\" srcset=\"https:\/\/historiaus.usz.edu.pl\/wp-content\/uploads\/2018\/08\/gs-24.08.2018-279x300.jpg 279w, https:\/\/historiaus.usz.edu.pl\/wp-content\/uploads\/2018\/08\/gs-24.08.2018-768x827.jpg 768w, https:\/\/historiaus.usz.edu.pl\/wp-content\/uploads\/2018\/08\/gs-24.08.2018.jpg 1058w\" sizes=\"auto, (max-width: 279px) 100vw, 279px\" \/><\/a><\/p>\n","protected":false},"excerpt":{"rendered":"","protected":false},"author":9,"featured_media":0,"comment_status":"closed","ping_status":"closed","sticky":false,"template":"","format":"standard","meta":{"footnotes":""},"categories":[1484],"tags":[4232,4198,4187,131,2070,3615,206],"subpage_bus":[241,48,55,63],"class_list":["post-11458","post","type-post","status-publish","format-standard","hentry","category-uniwersytet-szczecinski","tag-karol-marks-1818-2018","tag-dr-hab-jerzy-kochan","tag-komunizm","tag-konferencja","tag-policja","tag-przestepstwo","tag-rektor","subpage_bus-kalendarium","subpage_bus-konferencje-sympozja-zjazdy","subpage_bus-proces-dydaktyczny","subpage_bus-wladze-us-problemy-funkcjonowania-us"],"_links":{"self":[{"href":"https:\/\/historiaus.usz.edu.pl\/index.php?rest_route=\/wp\/v2\/posts\/11458","targetHints":{"allow":["GET"]}}],"collection":[{"href":"https:\/\/historiaus.usz.edu.pl\/index.php?rest_route=\/wp\/v2\/posts"}],"about":[{"href":"https:\/\/historiaus.usz.edu.pl\/index.php?rest_route=\/wp\/v2\/types\/post"}],"author":[{"embeddable":true,"href":"https:\/\/historiaus.usz.edu.pl\/index.php?rest_route=\/wp\/v2\/users\/9"}],"replies":[{"embeddable":true,"href":"https:\/\/historiaus.usz.edu.pl\/index.php?rest_route=%2Fwp%2Fv2%2Fcomments&post=11458"}],"version-history":[{"count":1,"href":"https:\/\/historiaus.usz.edu.pl\/index.php?rest_route=\/wp\/v2\/posts\/11458\/revisions"}],"predecessor-version":[{"id":11460,"href":"https:\/\/historiaus.usz.edu.pl\/index.php?rest_route=\/wp\/v2\/posts\/11458\/revisions\/11460"}],"wp:attachment":[{"href":"https:\/\/historiaus.usz.edu.pl\/index.php?rest_route=%2Fwp%2Fv2%2Fmedia&parent=11458"}],"wp:term":[{"taxonomy":"category","embeddable":true,"href":"https:\/\/historiaus.usz.edu.pl\/index.php?rest_route=%2Fwp%2Fv2%2Fcategories&post=11458"},{"taxonomy":"post_tag","embeddable":true,"href":"https:\/\/historiaus.usz.edu.pl\/index.php?rest_route=%2Fwp%2Fv2%2Ftags&post=11458"},{"taxonomy":"subpage_bus","embeddable":true,"href":"https:\/\/historiaus.usz.edu.pl\/index.php?rest_route=%2Fwp%2Fv2%2Fsubpage_bus&post=11458"}],"curies":[{"name":"wp","href":"https:\/\/api.w.org\/{rel}","templated":true}]}}