{"id":11800,"date":"2019-05-31T11:47:38","date_gmt":"2019-05-31T09:47:38","guid":{"rendered":"https:\/\/historiaus.usz.edu.pl\/?p=11800"},"modified":"2019-05-31T11:47:38","modified_gmt":"2019-05-31T09:47:38","slug":"dzis-startuja-viii-dni-kultury-zydowskiej-adlojada","status":"publish","type":"post","link":"https:\/\/historiaus.usz.edu.pl\/?p=11800","title":{"rendered":"Dzi\u015b startuj\u0105 VIII Dni Kultury \u017bydowskiej &#8222;Adlojada&#8221;"},"content":{"rendered":"<p><a href=\"https:\/\/historiaus.usz.edu.pl\/wp-content\/uploads\/2019\/05\/gs-4.03.19-1.jpg\"><img loading=\"lazy\" decoding=\"async\" class=\"alignnone size-medium wp-image-11802\" src=\"https:\/\/historiaus.usz.edu.pl\/wp-content\/uploads\/2019\/05\/gs-4.03.19-1-450x289.jpg\" alt=\"\" width=\"450\" height=\"289\" srcset=\"https:\/\/historiaus.usz.edu.pl\/wp-content\/uploads\/2019\/05\/gs-4.03.19-1-450x289.jpg 450w, https:\/\/historiaus.usz.edu.pl\/wp-content\/uploads\/2019\/05\/gs-4.03.19-1-768x492.jpg 768w\" sizes=\"auto, (max-width: 450px) 100vw, 450px\" \/><\/a><\/p>\n","protected":false},"excerpt":{"rendered":"","protected":false},"author":5,"featured_media":0,"comment_status":"closed","ping_status":"closed","sticky":false,"template":"","format":"standard","meta":{"footnotes":""},"categories":[410],"tags":[4124,3574,4468],"subpage_bus":[60,3785,86,56,1974],"class_list":["post-11800","post","type-post","status-publish","format-standard","hentry","category-wydzial-filologiczny","tag-adlojada","tag-dr-hab-jerzy-madejski","tag-viii-dni-kultury-zydowskiej","subpage_bus-kultura","subpage_bus-kultura-zycie-studenckie","subpage_bus-sylwetki","subpage_bus-zycie-spoleczne","subpage_bus-zycie-studenckie"],"_links":{"self":[{"href":"https:\/\/historiaus.usz.edu.pl\/index.php?rest_route=\/wp\/v2\/posts\/11800","targetHints":{"allow":["GET"]}}],"collection":[{"href":"https:\/\/historiaus.usz.edu.pl\/index.php?rest_route=\/wp\/v2\/posts"}],"about":[{"href":"https:\/\/historiaus.usz.edu.pl\/index.php?rest_route=\/wp\/v2\/types\/post"}],"author":[{"embeddable":true,"href":"https:\/\/historiaus.usz.edu.pl\/index.php?rest_route=\/wp\/v2\/users\/5"}],"replies":[{"embeddable":true,"href":"https:\/\/historiaus.usz.edu.pl\/index.php?rest_route=%2Fwp%2Fv2%2Fcomments&post=11800"}],"version-history":[{"count":1,"href":"https:\/\/historiaus.usz.edu.pl\/index.php?rest_route=\/wp\/v2\/posts\/11800\/revisions"}],"predecessor-version":[{"id":11803,"href":"https:\/\/historiaus.usz.edu.pl\/index.php?rest_route=\/wp\/v2\/posts\/11800\/revisions\/11803"}],"wp:attachment":[{"href":"https:\/\/historiaus.usz.edu.pl\/index.php?rest_route=%2Fwp%2Fv2%2Fmedia&parent=11800"}],"wp:term":[{"taxonomy":"category","embeddable":true,"href":"https:\/\/historiaus.usz.edu.pl\/index.php?rest_route=%2Fwp%2Fv2%2Fcategories&post=11800"},{"taxonomy":"post_tag","embeddable":true,"href":"https:\/\/historiaus.usz.edu.pl\/index.php?rest_route=%2Fwp%2Fv2%2Ftags&post=11800"},{"taxonomy":"subpage_bus","embeddable":true,"href":"https:\/\/historiaus.usz.edu.pl\/index.php?rest_route=%2Fwp%2Fv2%2Fsubpage_bus&post=11800"}],"curies":[{"name":"wp","href":"https:\/\/api.w.org\/{rel}","templated":true}]}}