{"id":12226,"date":"2020-03-13T13:46:03","date_gmt":"2020-03-13T12:46:03","guid":{"rendered":"https:\/\/historiaus.usz.edu.pl\/?p=12226"},"modified":"2020-03-13T13:46:03","modified_gmt":"2020-03-13T12:46:03","slug":"szczecinski-profesor-jestem-ofiara-zamachu-na-wolnosc-slowa","status":"publish","type":"post","link":"https:\/\/historiaus.usz.edu.pl\/?p=12226","title":{"rendered":"Szczeci\u0144ski profesor: &#8222;Jestem ofiar\u0105 zamachu na wolno\u015b\u0107 s\u0142owa&#8221;"},"content":{"rendered":"<p><a href=\"https:\/\/historiaus.usz.edu.pl\/wp-content\/uploads\/2020\/03\/ks-7-9.02.20.jpg\"><img loading=\"lazy\" decoding=\"async\" class=\"alignnone size-medium wp-image-12227\" src=\"https:\/\/historiaus.usz.edu.pl\/wp-content\/uploads\/2020\/03\/ks-7-9.02.20-379x300.jpg\" alt=\"\" width=\"379\" height=\"300\" srcset=\"https:\/\/historiaus.usz.edu.pl\/wp-content\/uploads\/2020\/03\/ks-7-9.02.20-379x300.jpg 379w, https:\/\/historiaus.usz.edu.pl\/wp-content\/uploads\/2020\/03\/ks-7-9.02.20-768x609.jpg 768w\" sizes=\"auto, (max-width: 379px) 100vw, 379px\" \/><\/a><\/p>\n","protected":false},"excerpt":{"rendered":"","protected":false},"author":5,"featured_media":0,"comment_status":"closed","ping_status":"closed","sticky":false,"template":"","format":"standard","meta":{"footnotes":""},"categories":[4501],"tags":[211,194,4574],"subpage_bus":[3754,86,56,59],"class_list":["post-12226","post","type-post","status-publish","format-standard","hentry","category-instytut-filozofii-i-kognitywistyki","tag-dr-hab-wojciech-krysztofiak","tag-komentarz","tag-szkoly-wyzsze","subpage_bus-oswiata-i-szkolnictwo","subpage_bus-sylwetki","subpage_bus-zycie-spoleczne","subpage_bus-zycie-spoleczne-i-polityczne"],"_links":{"self":[{"href":"https:\/\/historiaus.usz.edu.pl\/index.php?rest_route=\/wp\/v2\/posts\/12226","targetHints":{"allow":["GET"]}}],"collection":[{"href":"https:\/\/historiaus.usz.edu.pl\/index.php?rest_route=\/wp\/v2\/posts"}],"about":[{"href":"https:\/\/historiaus.usz.edu.pl\/index.php?rest_route=\/wp\/v2\/types\/post"}],"author":[{"embeddable":true,"href":"https:\/\/historiaus.usz.edu.pl\/index.php?rest_route=\/wp\/v2\/users\/5"}],"replies":[{"embeddable":true,"href":"https:\/\/historiaus.usz.edu.pl\/index.php?rest_route=%2Fwp%2Fv2%2Fcomments&post=12226"}],"version-history":[{"count":1,"href":"https:\/\/historiaus.usz.edu.pl\/index.php?rest_route=\/wp\/v2\/posts\/12226\/revisions"}],"predecessor-version":[{"id":12228,"href":"https:\/\/historiaus.usz.edu.pl\/index.php?rest_route=\/wp\/v2\/posts\/12226\/revisions\/12228"}],"wp:attachment":[{"href":"https:\/\/historiaus.usz.edu.pl\/index.php?rest_route=%2Fwp%2Fv2%2Fmedia&parent=12226"}],"wp:term":[{"taxonomy":"category","embeddable":true,"href":"https:\/\/historiaus.usz.edu.pl\/index.php?rest_route=%2Fwp%2Fv2%2Fcategories&post=12226"},{"taxonomy":"post_tag","embeddable":true,"href":"https:\/\/historiaus.usz.edu.pl\/index.php?rest_route=%2Fwp%2Fv2%2Ftags&post=12226"},{"taxonomy":"subpage_bus","embeddable":true,"href":"https:\/\/historiaus.usz.edu.pl\/index.php?rest_route=%2Fwp%2Fv2%2Fsubpage_bus&post=12226"}],"curies":[{"name":"wp","href":"https:\/\/api.w.org\/{rel}","templated":true}]}}