{"id":12540,"date":"2020-06-22T11:51:53","date_gmt":"2020-06-22T09:51:53","guid":{"rendered":"https:\/\/historiaus.usz.edu.pl\/?p=12540"},"modified":"2020-06-22T11:51:53","modified_gmt":"2020-06-22T09:51:53","slug":"znamy-terminy-wyborow-nowych-rektorow-us-zapowiada-debate","status":"publish","type":"post","link":"https:\/\/historiaus.usz.edu.pl\/?p=12540","title":{"rendered":"Znamy terminy wybor\u00f3w nowych rektor\u00f3w. US zapowiada debat\u0119"},"content":{"rendered":"<p><a href=\"https:\/\/historiaus.usz.edu.pl\/wp-content\/uploads\/2020\/06\/gs-23-24.05.20.jpg\"><img loading=\"lazy\" decoding=\"async\" class=\"alignnone size-medium wp-image-12541\" src=\"https:\/\/historiaus.usz.edu.pl\/wp-content\/uploads\/2020\/06\/gs-23-24.05.20-450x263.jpg\" alt=\"\" width=\"450\" height=\"263\" srcset=\"https:\/\/historiaus.usz.edu.pl\/wp-content\/uploads\/2020\/06\/gs-23-24.05.20-450x263.jpg 450w, https:\/\/historiaus.usz.edu.pl\/wp-content\/uploads\/2020\/06\/gs-23-24.05.20-768x449.jpg 768w, https:\/\/historiaus.usz.edu.pl\/wp-content\/uploads\/2020\/06\/gs-23-24.05.20.jpg 1657w\" sizes=\"auto, (max-width: 450px) 100vw, 450px\" \/><\/a><\/p>\n","protected":false},"excerpt":{"rendered":"","protected":false},"author":5,"featured_media":0,"comment_status":"closed","ping_status":"closed","sticky":false,"template":"","format":"standard","meta":{"footnotes":""},"categories":[1484],"tags":[220,205,2797],"subpage_bus":[62,63],"class_list":["post-12540","post","type-post","status-publish","format-standard","hentry","category-uniwersytet-szczecinski","tag-debata","tag-wybory","tag-wybory-rektora","subpage_bus-rozwoj-uniwersytetu-sprawy-organizacyjne","subpage_bus-wladze-us-problemy-funkcjonowania-us"],"_links":{"self":[{"href":"https:\/\/historiaus.usz.edu.pl\/index.php?rest_route=\/wp\/v2\/posts\/12540","targetHints":{"allow":["GET"]}}],"collection":[{"href":"https:\/\/historiaus.usz.edu.pl\/index.php?rest_route=\/wp\/v2\/posts"}],"about":[{"href":"https:\/\/historiaus.usz.edu.pl\/index.php?rest_route=\/wp\/v2\/types\/post"}],"author":[{"embeddable":true,"href":"https:\/\/historiaus.usz.edu.pl\/index.php?rest_route=\/wp\/v2\/users\/5"}],"replies":[{"embeddable":true,"href":"https:\/\/historiaus.usz.edu.pl\/index.php?rest_route=%2Fwp%2Fv2%2Fcomments&post=12540"}],"version-history":[{"count":1,"href":"https:\/\/historiaus.usz.edu.pl\/index.php?rest_route=\/wp\/v2\/posts\/12540\/revisions"}],"predecessor-version":[{"id":12542,"href":"https:\/\/historiaus.usz.edu.pl\/index.php?rest_route=\/wp\/v2\/posts\/12540\/revisions\/12542"}],"wp:attachment":[{"href":"https:\/\/historiaus.usz.edu.pl\/index.php?rest_route=%2Fwp%2Fv2%2Fmedia&parent=12540"}],"wp:term":[{"taxonomy":"category","embeddable":true,"href":"https:\/\/historiaus.usz.edu.pl\/index.php?rest_route=%2Fwp%2Fv2%2Fcategories&post=12540"},{"taxonomy":"post_tag","embeddable":true,"href":"https:\/\/historiaus.usz.edu.pl\/index.php?rest_route=%2Fwp%2Fv2%2Ftags&post=12540"},{"taxonomy":"subpage_bus","embeddable":true,"href":"https:\/\/historiaus.usz.edu.pl\/index.php?rest_route=%2Fwp%2Fv2%2Fsubpage_bus&post=12540"}],"curies":[{"name":"wp","href":"https:\/\/api.w.org\/{rel}","templated":true}]}}