{"id":1284,"date":"2015-04-20T13:20:41","date_gmt":"2015-04-20T11:20:41","guid":{"rendered":"https:\/\/historiaus.usz.edu.pl\/?p=1284"},"modified":"2015-04-20T13:20:41","modified_gmt":"2015-04-20T11:20:41","slug":"grudzien-1970-w-szczecinie-wstrzasnal-cala-polska","status":"publish","type":"post","link":"https:\/\/historiaus.usz.edu.pl\/?p=1284","title":{"rendered":"Grudzie\u0144 1970 w Szczecinie wstrz\u0105sn\u0105\u0142 ca\u0142\u0105 Polsk\u0105"},"content":{"rendered":"<p><a href=\"https:\/\/historiaus.usz.edu.pl\/wp-content\/uploads\/2015\/04\/grudzie\u01441970018.jpg\"><img loading=\"lazy\" decoding=\"async\" class=\"alignnone size-medium wp-image-1292\" src=\"https:\/\/historiaus.usz.edu.pl\/wp-content\/uploads\/2015\/04\/grudzie\u01441970018-308x300.jpg\" alt=\"grudzie\u01441970018\" width=\"308\" height=\"300\" srcset=\"https:\/\/historiaus.usz.edu.pl\/wp-content\/uploads\/2015\/04\/grudzie\u01441970018-308x300.jpg 308w, https:\/\/historiaus.usz.edu.pl\/wp-content\/uploads\/2015\/04\/grudzie\u01441970018.jpg 1397w\" sizes=\"auto, (max-width: 308px) 100vw, 308px\" \/><\/a><\/p>\n","protected":false},"excerpt":{"rendered":"","protected":false},"author":6,"featured_media":0,"comment_status":"closed","ping_status":"closed","sticky":false,"template":"","format":"standard","meta":{"footnotes":""},"categories":[156,70],"tags":[383],"subpage_bus":[343,56,59],"class_list":["post-1284","post","type-post","status-publish","format-standard","hentry","category-instytut-historii-i-stosunkow-miedzynarodowych","category-wydzial-humanistyczny","tag-dr-michal-paziewski","subpage_bus-wywiad","subpage_bus-zycie-spoleczne","subpage_bus-zycie-spoleczne-i-polityczne"],"_links":{"self":[{"href":"https:\/\/historiaus.usz.edu.pl\/index.php?rest_route=\/wp\/v2\/posts\/1284","targetHints":{"allow":["GET"]}}],"collection":[{"href":"https:\/\/historiaus.usz.edu.pl\/index.php?rest_route=\/wp\/v2\/posts"}],"about":[{"href":"https:\/\/historiaus.usz.edu.pl\/index.php?rest_route=\/wp\/v2\/types\/post"}],"author":[{"embeddable":true,"href":"https:\/\/historiaus.usz.edu.pl\/index.php?rest_route=\/wp\/v2\/users\/6"}],"replies":[{"embeddable":true,"href":"https:\/\/historiaus.usz.edu.pl\/index.php?rest_route=%2Fwp%2Fv2%2Fcomments&post=1284"}],"version-history":[{"count":0,"href":"https:\/\/historiaus.usz.edu.pl\/index.php?rest_route=\/wp\/v2\/posts\/1284\/revisions"}],"wp:attachment":[{"href":"https:\/\/historiaus.usz.edu.pl\/index.php?rest_route=%2Fwp%2Fv2%2Fmedia&parent=1284"}],"wp:term":[{"taxonomy":"category","embeddable":true,"href":"https:\/\/historiaus.usz.edu.pl\/index.php?rest_route=%2Fwp%2Fv2%2Fcategories&post=1284"},{"taxonomy":"post_tag","embeddable":true,"href":"https:\/\/historiaus.usz.edu.pl\/index.php?rest_route=%2Fwp%2Fv2%2Ftags&post=1284"},{"taxonomy":"subpage_bus","embeddable":true,"href":"https:\/\/historiaus.usz.edu.pl\/index.php?rest_route=%2Fwp%2Fv2%2Fsubpage_bus&post=1284"}],"curies":[{"name":"wp","href":"https:\/\/api.w.org\/{rel}","templated":true}]}}