{"id":13412,"date":"2021-02-05T08:27:59","date_gmt":"2021-02-05T07:27:59","guid":{"rendered":"https:\/\/historiaus.usz.edu.pl\/?p=13412"},"modified":"2021-02-05T08:27:59","modified_gmt":"2021-02-05T07:27:59","slug":"szczecinski-filozof-wywolal-skandal","status":"publish","type":"post","link":"https:\/\/historiaus.usz.edu.pl\/?p=13412","title":{"rendered":"Szczeci\u0144ski filozof wywo\u0142a\u0142 skandal"},"content":{"rendered":"<p><a href=\"https:\/\/historiaus.usz.edu.pl\/wp-content\/uploads\/2021\/02\/ks-11.01.21-1.jpg\"><img loading=\"lazy\" decoding=\"async\" class=\"alignnone size-medium wp-image-13413\" src=\"https:\/\/historiaus.usz.edu.pl\/wp-content\/uploads\/2021\/02\/ks-11.01.21-1-205x300.jpg\" alt=\"\" width=\"205\" height=\"300\" srcset=\"https:\/\/historiaus.usz.edu.pl\/wp-content\/uploads\/2021\/02\/ks-11.01.21-1-205x300.jpg 205w, https:\/\/historiaus.usz.edu.pl\/wp-content\/uploads\/2021\/02\/ks-11.01.21-1-768x1122.jpg 768w, https:\/\/historiaus.usz.edu.pl\/wp-content\/uploads\/2021\/02\/ks-11.01.21-1.jpg 1234w\" sizes=\"auto, (max-width: 205px) 100vw, 205px\" \/><\/a><a href=\"https:\/\/historiaus.usz.edu.pl\/wp-content\/uploads\/2021\/02\/ks-11.01.21-2.jpg\"><img loading=\"lazy\" decoding=\"async\" class=\"alignnone  wp-image-13414\" src=\"https:\/\/historiaus.usz.edu.pl\/wp-content\/uploads\/2021\/02\/ks-11.01.21-2-141x300.jpg\" alt=\"\" width=\"209\" height=\"445\" \/><\/a><\/p>\n","protected":false},"excerpt":{"rendered":"","protected":false},"author":5,"featured_media":0,"comment_status":"closed","ping_status":"closed","sticky":false,"template":"","format":"standard","meta":{"footnotes":""},"categories":[4501],"tags":[211,1842,4619,142],"subpage_bus":[86,57,56],"class_list":["post-13412","post","type-post","status-publish","format-standard","hentry","category-instytut-filozofii-i-kognitywistyki","tag-dr-hab-wojciech-krysztofiak","tag-facebook","tag-marcelina-zawisza","tag-obyczaje","subpage_bus-sylwetki","subpage_bus-wypowiedzi-ogolne","subpage_bus-zycie-spoleczne"],"_links":{"self":[{"href":"https:\/\/historiaus.usz.edu.pl\/index.php?rest_route=\/wp\/v2\/posts\/13412","targetHints":{"allow":["GET"]}}],"collection":[{"href":"https:\/\/historiaus.usz.edu.pl\/index.php?rest_route=\/wp\/v2\/posts"}],"about":[{"href":"https:\/\/historiaus.usz.edu.pl\/index.php?rest_route=\/wp\/v2\/types\/post"}],"author":[{"embeddable":true,"href":"https:\/\/historiaus.usz.edu.pl\/index.php?rest_route=\/wp\/v2\/users\/5"}],"replies":[{"embeddable":true,"href":"https:\/\/historiaus.usz.edu.pl\/index.php?rest_route=%2Fwp%2Fv2%2Fcomments&post=13412"}],"version-history":[{"count":1,"href":"https:\/\/historiaus.usz.edu.pl\/index.php?rest_route=\/wp\/v2\/posts\/13412\/revisions"}],"predecessor-version":[{"id":13415,"href":"https:\/\/historiaus.usz.edu.pl\/index.php?rest_route=\/wp\/v2\/posts\/13412\/revisions\/13415"}],"wp:attachment":[{"href":"https:\/\/historiaus.usz.edu.pl\/index.php?rest_route=%2Fwp%2Fv2%2Fmedia&parent=13412"}],"wp:term":[{"taxonomy":"category","embeddable":true,"href":"https:\/\/historiaus.usz.edu.pl\/index.php?rest_route=%2Fwp%2Fv2%2Fcategories&post=13412"},{"taxonomy":"post_tag","embeddable":true,"href":"https:\/\/historiaus.usz.edu.pl\/index.php?rest_route=%2Fwp%2Fv2%2Ftags&post=13412"},{"taxonomy":"subpage_bus","embeddable":true,"href":"https:\/\/historiaus.usz.edu.pl\/index.php?rest_route=%2Fwp%2Fv2%2Fsubpage_bus&post=13412"}],"curies":[{"name":"wp","href":"https:\/\/api.w.org\/{rel}","templated":true}]}}