{"id":13541,"date":"2021-04-02T08:38:48","date_gmt":"2021-04-02T06:38:48","guid":{"rendered":"https:\/\/historiaus.usz.edu.pl\/?p=13541"},"modified":"2021-04-02T08:38:48","modified_gmt":"2021-04-02T06:38:48","slug":"liczy-sie-takze-forma-rozmowa-z-edyta-longiewska-wijas-dyrektorka-wydawnictwa-naukowego-uniwersytetu-szczecinskiego","status":"publish","type":"post","link":"https:\/\/historiaus.usz.edu.pl\/?p=13541","title":{"rendered":"Liczy si\u0119 tak\u017ce forma : rozmowa z Edyt\u0105 \u0141ongiewsk\u0105-Wijas, dyrektork\u0105 Wydawnictwa Naukowego Uniwersytetu Szczeci\u0144skiego"},"content":{"rendered":"<p><a href=\"https:\/\/historiaus.usz.edu.pl\/wp-content\/uploads\/2021\/04\/ks-23.09.11-s.16.jpg\"><img loading=\"lazy\" decoding=\"async\" class=\"alignnone size-medium wp-image-13542\" src=\"https:\/\/historiaus.usz.edu.pl\/wp-content\/uploads\/2021\/04\/ks-23.09.11-s.16-406x300.jpg\" alt=\"\" width=\"406\" height=\"300\" srcset=\"https:\/\/historiaus.usz.edu.pl\/wp-content\/uploads\/2021\/04\/ks-23.09.11-s.16-406x300.jpg 406w, https:\/\/historiaus.usz.edu.pl\/wp-content\/uploads\/2021\/04\/ks-23.09.11-s.16-768x567.jpg 768w\" sizes=\"auto, (max-width: 406px) 100vw, 406px\" \/><\/a><\/p>\n","protected":false},"excerpt":{"rendered":"","protected":false},"author":5,"featured_media":0,"comment_status":"closed","ping_status":"closed","sticky":false,"template":"","format":"standard","meta":{"footnotes":""},"categories":[1378],"tags":[1601,4638],"subpage_bus":[64,62,86,343],"class_list":["post-13541","post","type-post","status-publish","format-standard","hentry","category-wydawnictwo-naukowe","tag-edyta-longiewska-wijas","tag-wydawnictwo-naukowe","subpage_bus-baza-naukowa-i-materialna","subpage_bus-rozwoj-uniwersytetu-sprawy-organizacyjne","subpage_bus-sylwetki","subpage_bus-wywiad"],"_links":{"self":[{"href":"https:\/\/historiaus.usz.edu.pl\/index.php?rest_route=\/wp\/v2\/posts\/13541","targetHints":{"allow":["GET"]}}],"collection":[{"href":"https:\/\/historiaus.usz.edu.pl\/index.php?rest_route=\/wp\/v2\/posts"}],"about":[{"href":"https:\/\/historiaus.usz.edu.pl\/index.php?rest_route=\/wp\/v2\/types\/post"}],"author":[{"embeddable":true,"href":"https:\/\/historiaus.usz.edu.pl\/index.php?rest_route=\/wp\/v2\/users\/5"}],"replies":[{"embeddable":true,"href":"https:\/\/historiaus.usz.edu.pl\/index.php?rest_route=%2Fwp%2Fv2%2Fcomments&post=13541"}],"version-history":[{"count":1,"href":"https:\/\/historiaus.usz.edu.pl\/index.php?rest_route=\/wp\/v2\/posts\/13541\/revisions"}],"predecessor-version":[{"id":13543,"href":"https:\/\/historiaus.usz.edu.pl\/index.php?rest_route=\/wp\/v2\/posts\/13541\/revisions\/13543"}],"wp:attachment":[{"href":"https:\/\/historiaus.usz.edu.pl\/index.php?rest_route=%2Fwp%2Fv2%2Fmedia&parent=13541"}],"wp:term":[{"taxonomy":"category","embeddable":true,"href":"https:\/\/historiaus.usz.edu.pl\/index.php?rest_route=%2Fwp%2Fv2%2Fcategories&post=13541"},{"taxonomy":"post_tag","embeddable":true,"href":"https:\/\/historiaus.usz.edu.pl\/index.php?rest_route=%2Fwp%2Fv2%2Ftags&post=13541"},{"taxonomy":"subpage_bus","embeddable":true,"href":"https:\/\/historiaus.usz.edu.pl\/index.php?rest_route=%2Fwp%2Fv2%2Fsubpage_bus&post=13541"}],"curies":[{"name":"wp","href":"https:\/\/api.w.org\/{rel}","templated":true}]}}