{"id":1357,"date":"2015-04-24T10:03:34","date_gmt":"2015-04-24T08:03:34","guid":{"rendered":"https:\/\/historiaus.usz.edu.pl\/?p=1357"},"modified":"2015-12-04T10:24:09","modified_gmt":"2015-12-04T09:24:09","slug":"70-lat-temu-szczecin-padl-bez-walki-w-miescie-panowala-absolutna-cisza","status":"publish","type":"post","link":"https:\/\/historiaus.usz.edu.pl\/?p=1357","title":{"rendered":"70 lat temu Szczecin pad\u0142 bez walki. W mie\u015bcie panowa\u0142a absolutna cisza"},"content":{"rendered":"<p><a href=\"https:\/\/historiaus.usz.edu.pl\/wp-content\/uploads\/2015\/04\/ug032.jpg\"><img loading=\"lazy\" decoding=\"async\" class=\"alignnone size-medium wp-image-1352\" src=\"https:\/\/historiaus.usz.edu.pl\/wp-content\/uploads\/2015\/04\/ug032-257x300.jpg\" alt=\"ug032\" width=\"257\" height=\"300\" srcset=\"https:\/\/historiaus.usz.edu.pl\/wp-content\/uploads\/2015\/04\/ug032-257x300.jpg 257w, https:\/\/historiaus.usz.edu.pl\/wp-content\/uploads\/2015\/04\/ug032.jpg 1498w\" sizes=\"auto, (max-width: 257px) 100vw, 257px\" \/><\/a><\/p>\n","protected":false},"excerpt":{"rendered":"","protected":false},"author":6,"featured_media":0,"comment_status":"closed","ping_status":"closed","sticky":false,"template":"","format":"standard","meta":{"footnotes":""},"categories":[1484],"tags":[1318,305,2064],"subpage_bus":[343],"class_list":["post-1357","post","type-post","status-publish","format-standard","hentry","category-uniwersytet-szczecinski","tag-dr-radoslaw-ptaszynski","tag-szczecin","tag-wyzwolenie","subpage_bus-wywiad"],"_links":{"self":[{"href":"https:\/\/historiaus.usz.edu.pl\/index.php?rest_route=\/wp\/v2\/posts\/1357","targetHints":{"allow":["GET"]}}],"collection":[{"href":"https:\/\/historiaus.usz.edu.pl\/index.php?rest_route=\/wp\/v2\/posts"}],"about":[{"href":"https:\/\/historiaus.usz.edu.pl\/index.php?rest_route=\/wp\/v2\/types\/post"}],"author":[{"embeddable":true,"href":"https:\/\/historiaus.usz.edu.pl\/index.php?rest_route=\/wp\/v2\/users\/6"}],"replies":[{"embeddable":true,"href":"https:\/\/historiaus.usz.edu.pl\/index.php?rest_route=%2Fwp%2Fv2%2Fcomments&post=1357"}],"version-history":[{"count":1,"href":"https:\/\/historiaus.usz.edu.pl\/index.php?rest_route=\/wp\/v2\/posts\/1357\/revisions"}],"predecessor-version":[{"id":4331,"href":"https:\/\/historiaus.usz.edu.pl\/index.php?rest_route=\/wp\/v2\/posts\/1357\/revisions\/4331"}],"wp:attachment":[{"href":"https:\/\/historiaus.usz.edu.pl\/index.php?rest_route=%2Fwp%2Fv2%2Fmedia&parent=1357"}],"wp:term":[{"taxonomy":"category","embeddable":true,"href":"https:\/\/historiaus.usz.edu.pl\/index.php?rest_route=%2Fwp%2Fv2%2Fcategories&post=1357"},{"taxonomy":"post_tag","embeddable":true,"href":"https:\/\/historiaus.usz.edu.pl\/index.php?rest_route=%2Fwp%2Fv2%2Ftags&post=1357"},{"taxonomy":"subpage_bus","embeddable":true,"href":"https:\/\/historiaus.usz.edu.pl\/index.php?rest_route=%2Fwp%2Fv2%2Fsubpage_bus&post=1357"}],"curies":[{"name":"wp","href":"https:\/\/api.w.org\/{rel}","templated":true}]}}