{"id":13684,"date":"2021-04-30T11:18:05","date_gmt":"2021-04-30T09:18:05","guid":{"rendered":"https:\/\/historiaus.usz.edu.pl\/?p=13684"},"modified":"2021-04-30T11:18:05","modified_gmt":"2021-04-30T09:18:05","slug":"uniwersytet-szczecinski-chce-stworzyc-katedre-unesco","status":"publish","type":"post","link":"https:\/\/historiaus.usz.edu.pl\/?p=13684","title":{"rendered":"Uniwersytet Szczeci\u0144ski chce stworzy\u0107 katedr\u0119 UNESCO"},"content":{"rendered":"<p><a href=\"https:\/\/historiaus.usz.edu.pl\/wp-content\/uploads\/2021\/04\/gs-3.03.21.jpg\"><img loading=\"lazy\" decoding=\"async\" class=\"alignnone size-medium wp-image-13685\" src=\"https:\/\/historiaus.usz.edu.pl\/wp-content\/uploads\/2021\/04\/gs-3.03.21-269x300.jpg\" alt=\"\" width=\"269\" height=\"300\" srcset=\"https:\/\/historiaus.usz.edu.pl\/wp-content\/uploads\/2021\/04\/gs-3.03.21-269x300.jpg 269w, https:\/\/historiaus.usz.edu.pl\/wp-content\/uploads\/2021\/04\/gs-3.03.21-768x855.jpg 768w, https:\/\/historiaus.usz.edu.pl\/wp-content\/uploads\/2021\/04\/gs-3.03.21.jpg 1648w\" sizes=\"auto, (max-width: 269px) 100vw, 269px\" \/><\/a><\/p>\n","protected":false},"excerpt":{"rendered":"","protected":false},"author":5,"featured_media":0,"comment_status":"closed","ping_status":"closed","sticky":false,"template":"","format":"standard","meta":{"footnotes":""},"categories":[1484],"tags":[4643,2053,1320,4490,4642,4644],"subpage_bus":[47,62,86,134],"class_list":["post-13684","post","type-post","status-publish","format-standard","hentry","category-uniwersytet-szczecinski","tag-list-intencyjny","tag-olgierd-geblewicz","tag-prof-dr-hab-waldemar-tarczynski","tag-szkola-doktorska","tag-unesco","tag-waldemar-tarczynski","subpage_bus-nauka","subpage_bus-rozwoj-uniwersytetu-sprawy-organizacyjne","subpage_bus-sylwetki","subpage_bus-wspolpraca-naukowa-i-dydaktyczna"],"_links":{"self":[{"href":"https:\/\/historiaus.usz.edu.pl\/index.php?rest_route=\/wp\/v2\/posts\/13684","targetHints":{"allow":["GET"]}}],"collection":[{"href":"https:\/\/historiaus.usz.edu.pl\/index.php?rest_route=\/wp\/v2\/posts"}],"about":[{"href":"https:\/\/historiaus.usz.edu.pl\/index.php?rest_route=\/wp\/v2\/types\/post"}],"author":[{"embeddable":true,"href":"https:\/\/historiaus.usz.edu.pl\/index.php?rest_route=\/wp\/v2\/users\/5"}],"replies":[{"embeddable":true,"href":"https:\/\/historiaus.usz.edu.pl\/index.php?rest_route=%2Fwp%2Fv2%2Fcomments&post=13684"}],"version-history":[{"count":1,"href":"https:\/\/historiaus.usz.edu.pl\/index.php?rest_route=\/wp\/v2\/posts\/13684\/revisions"}],"predecessor-version":[{"id":13686,"href":"https:\/\/historiaus.usz.edu.pl\/index.php?rest_route=\/wp\/v2\/posts\/13684\/revisions\/13686"}],"wp:attachment":[{"href":"https:\/\/historiaus.usz.edu.pl\/index.php?rest_route=%2Fwp%2Fv2%2Fmedia&parent=13684"}],"wp:term":[{"taxonomy":"category","embeddable":true,"href":"https:\/\/historiaus.usz.edu.pl\/index.php?rest_route=%2Fwp%2Fv2%2Fcategories&post=13684"},{"taxonomy":"post_tag","embeddable":true,"href":"https:\/\/historiaus.usz.edu.pl\/index.php?rest_route=%2Fwp%2Fv2%2Ftags&post=13684"},{"taxonomy":"subpage_bus","embeddable":true,"href":"https:\/\/historiaus.usz.edu.pl\/index.php?rest_route=%2Fwp%2Fv2%2Fsubpage_bus&post=13684"}],"curies":[{"name":"wp","href":"https:\/\/api.w.org\/{rel}","templated":true}]}}