{"id":15514,"date":"2021-09-22T10:31:06","date_gmt":"2021-09-22T08:31:06","guid":{"rendered":"https:\/\/historiaus.usz.edu.pl\/?p=15514"},"modified":"2021-09-22T10:31:06","modified_gmt":"2021-09-22T08:31:06","slug":"uniwersytet-szczecinski-oglosil-drugi-nabor-2","status":"publish","type":"post","link":"https:\/\/historiaus.usz.edu.pl\/?p=15514","title":{"rendered":"Uniwersytet Szczeci\u0144ski og\u0142osi\u0142 drugi nab\u00f3r"},"content":{"rendered":"<p><a href=\"https:\/\/historiaus.usz.edu.pl\/wp-content\/uploads\/2021\/09\/ks-25.08.21.jpg\"><img loading=\"lazy\" decoding=\"async\" class=\"alignnone size-medium wp-image-15515\" src=\"https:\/\/historiaus.usz.edu.pl\/wp-content\/uploads\/2021\/09\/ks-25.08.21-262x300.jpg\" alt=\"\" width=\"262\" height=\"300\" srcset=\"https:\/\/historiaus.usz.edu.pl\/wp-content\/uploads\/2021\/09\/ks-25.08.21-262x300.jpg 262w, https:\/\/historiaus.usz.edu.pl\/wp-content\/uploads\/2021\/09\/ks-25.08.21-768x880.jpg 768w, https:\/\/historiaus.usz.edu.pl\/wp-content\/uploads\/2021\/09\/ks-25.08.21.jpg 1280w\" sizes=\"auto, (max-width: 262px) 100vw, 262px\" \/><\/a><\/p>\n","protected":false},"excerpt":{"rendered":"","protected":false},"author":5,"featured_media":0,"comment_status":"closed","ping_status":"closed","sticky":false,"template":"","format":"standard","meta":{"footnotes":""},"categories":[1484],"tags":[4658,103,137,96],"subpage_bus":[52,54,3754,86,56],"class_list":["post-15514","post","type-post","status-publish","format-standard","hentry","category-uniwersytet-szczecinski","tag-agnieszka-lizak","tag-nabor","tag-rekrutacja","tag-studia","subpage_bus-dydaktyka","subpage_bus-nabor-na-studia-nowe-kierunki-ksztalcenia","subpage_bus-oswiata-i-szkolnictwo","subpage_bus-sylwetki","subpage_bus-zycie-spoleczne"],"_links":{"self":[{"href":"https:\/\/historiaus.usz.edu.pl\/index.php?rest_route=\/wp\/v2\/posts\/15514","targetHints":{"allow":["GET"]}}],"collection":[{"href":"https:\/\/historiaus.usz.edu.pl\/index.php?rest_route=\/wp\/v2\/posts"}],"about":[{"href":"https:\/\/historiaus.usz.edu.pl\/index.php?rest_route=\/wp\/v2\/types\/post"}],"author":[{"embeddable":true,"href":"https:\/\/historiaus.usz.edu.pl\/index.php?rest_route=\/wp\/v2\/users\/5"}],"replies":[{"embeddable":true,"href":"https:\/\/historiaus.usz.edu.pl\/index.php?rest_route=%2Fwp%2Fv2%2Fcomments&post=15514"}],"version-history":[{"count":1,"href":"https:\/\/historiaus.usz.edu.pl\/index.php?rest_route=\/wp\/v2\/posts\/15514\/revisions"}],"predecessor-version":[{"id":15516,"href":"https:\/\/historiaus.usz.edu.pl\/index.php?rest_route=\/wp\/v2\/posts\/15514\/revisions\/15516"}],"wp:attachment":[{"href":"https:\/\/historiaus.usz.edu.pl\/index.php?rest_route=%2Fwp%2Fv2%2Fmedia&parent=15514"}],"wp:term":[{"taxonomy":"category","embeddable":true,"href":"https:\/\/historiaus.usz.edu.pl\/index.php?rest_route=%2Fwp%2Fv2%2Fcategories&post=15514"},{"taxonomy":"post_tag","embeddable":true,"href":"https:\/\/historiaus.usz.edu.pl\/index.php?rest_route=%2Fwp%2Fv2%2Ftags&post=15514"},{"taxonomy":"subpage_bus","embeddable":true,"href":"https:\/\/historiaus.usz.edu.pl\/index.php?rest_route=%2Fwp%2Fv2%2Fsubpage_bus&post=15514"}],"curies":[{"name":"wp","href":"https:\/\/api.w.org\/{rel}","templated":true}]}}