{"id":15841,"date":"2021-10-25T11:52:07","date_gmt":"2021-10-25T09:52:07","guid":{"rendered":"https:\/\/historiaus.usz.edu.pl\/?p=15841"},"modified":"2021-10-27T11:19:20","modified_gmt":"2021-10-27T09:19:20","slug":"nowe-ksiazki-uniwersytetu-szczecinskiego","status":"publish","type":"post","link":"https:\/\/historiaus.usz.edu.pl\/?p=15841","title":{"rendered":"Nowe ksi\u0105\u017cki Uniwersytetu Szczeci\u0144skiego"},"content":{"rendered":"\n<figure class=\"wp-block-image size-full\"><a href=\"https:\/\/historiaus.usz.edu.pl\/wp-content\/uploads\/2021\/10\/ks-16.09.21.jpg\"><img loading=\"lazy\" decoding=\"async\" width=\"2453\" height=\"2239\" src=\"https:\/\/historiaus.usz.edu.pl\/wp-content\/uploads\/2021\/10\/ks-16.09.21.jpg\" alt=\"\" class=\"wp-image-15844\" srcset=\"https:\/\/historiaus.usz.edu.pl\/wp-content\/uploads\/2021\/10\/ks-16.09.21.jpg 2453w, https:\/\/historiaus.usz.edu.pl\/wp-content\/uploads\/2021\/10\/ks-16.09.21-329x300.jpg 329w, https:\/\/historiaus.usz.edu.pl\/wp-content\/uploads\/2021\/10\/ks-16.09.21-768x701.jpg 768w, https:\/\/historiaus.usz.edu.pl\/wp-content\/uploads\/2021\/10\/ks-16.09.21-1536x1402.jpg 1536w, https:\/\/historiaus.usz.edu.pl\/wp-content\/uploads\/2021\/10\/ks-16.09.21-2048x1869.jpg 2048w\" sizes=\"auto, (max-width: 2453px) 100vw, 2453px\" \/><\/a><\/figure>\n","protected":false},"excerpt":{"rendered":"","protected":false},"author":5,"featured_media":0,"comment_status":"closed","ping_status":"closed","sticky":false,"template":"","format":"standard","meta":{"footnotes":""},"categories":[4623,4960,1484,70,191],"tags":[4957,350,4954,94,387,4951],"subpage_bus":[49,47,50,86],"class_list":["post-15841","post","type-post","status-publish","format-standard","hentry","category-instytut-literatury-i-nowych-mediow-2","category-instytut-nauk-teologicznych","category-uniwersytet-szczecinski","category-wydzial-humanistyczny","category-wydzial-teologiczny","tag-dr-hab-klaudia-koczur-lejk","tag-humanistyka","tag-ks-prof-dr-hab-janusz-lemanski","tag-ksiazki","tag-literatura","tag-wydawnictwo-naukowe-uniwersytetu-szczecinskiego","subpage_bus-dzialalnosc-naukowa-i-dydaktyczna","subpage_bus-nauka","subpage_bus-publikacje-wyklady-pracownikow-wypowiedzi-opinie-polemiki-udzial-w-imprezach","subpage_bus-sylwetki"],"_links":{"self":[{"href":"https:\/\/historiaus.usz.edu.pl\/index.php?rest_route=\/wp\/v2\/posts\/15841","targetHints":{"allow":["GET"]}}],"collection":[{"href":"https:\/\/historiaus.usz.edu.pl\/index.php?rest_route=\/wp\/v2\/posts"}],"about":[{"href":"https:\/\/historiaus.usz.edu.pl\/index.php?rest_route=\/wp\/v2\/types\/post"}],"author":[{"embeddable":true,"href":"https:\/\/historiaus.usz.edu.pl\/index.php?rest_route=\/wp\/v2\/users\/5"}],"replies":[{"embeddable":true,"href":"https:\/\/historiaus.usz.edu.pl\/index.php?rest_route=%2Fwp%2Fv2%2Fcomments&post=15841"}],"version-history":[{"count":2,"href":"https:\/\/historiaus.usz.edu.pl\/index.php?rest_route=\/wp\/v2\/posts\/15841\/revisions"}],"predecessor-version":[{"id":15853,"href":"https:\/\/historiaus.usz.edu.pl\/index.php?rest_route=\/wp\/v2\/posts\/15841\/revisions\/15853"}],"wp:attachment":[{"href":"https:\/\/historiaus.usz.edu.pl\/index.php?rest_route=%2Fwp%2Fv2%2Fmedia&parent=15841"}],"wp:term":[{"taxonomy":"category","embeddable":true,"href":"https:\/\/historiaus.usz.edu.pl\/index.php?rest_route=%2Fwp%2Fv2%2Fcategories&post=15841"},{"taxonomy":"post_tag","embeddable":true,"href":"https:\/\/historiaus.usz.edu.pl\/index.php?rest_route=%2Fwp%2Fv2%2Ftags&post=15841"},{"taxonomy":"subpage_bus","embeddable":true,"href":"https:\/\/historiaus.usz.edu.pl\/index.php?rest_route=%2Fwp%2Fv2%2Fsubpage_bus&post=15841"}],"curies":[{"name":"wp","href":"https:\/\/api.w.org\/{rel}","templated":true}]}}