{"id":17098,"date":"2021-12-13T11:25:38","date_gmt":"2021-12-13T10:25:38","guid":{"rendered":"https:\/\/historiaus.usz.edu.pl\/?p=17098"},"modified":"2021-12-13T11:26:51","modified_gmt":"2021-12-13T10:26:51","slug":"us-uczcil-pamiec-prof-edwarda-wlodarczyka","status":"publish","type":"post","link":"https:\/\/historiaus.usz.edu.pl\/?p=17098","title":{"rendered":"US uczci\u0142 pami\u0119\u0107 prof. Edwarda W\u0142odarczyka"},"content":{"rendered":"\n<figure class=\"wp-block-image size-full\"><a href=\"https:\/\/historiaus.usz.edu.pl\/wp-content\/uploads\/2021\/12\/gs-20-21.11.21.jpg\"><img loading=\"lazy\" decoding=\"async\" width=\"1136\" height=\"1482\" src=\"https:\/\/historiaus.usz.edu.pl\/wp-content\/uploads\/2021\/12\/gs-20-21.11.21.jpg\" alt=\"\" class=\"wp-image-17099\" srcset=\"https:\/\/historiaus.usz.edu.pl\/wp-content\/uploads\/2021\/12\/gs-20-21.11.21.jpg 1136w, https:\/\/historiaus.usz.edu.pl\/wp-content\/uploads\/2021\/12\/gs-20-21.11.21-230x300.jpg 230w, https:\/\/historiaus.usz.edu.pl\/wp-content\/uploads\/2021\/12\/gs-20-21.11.21-768x1002.jpg 768w\" sizes=\"auto, (max-width: 1136px) 100vw, 1136px\" \/><\/a><\/figure>\n","protected":false},"excerpt":{"rendered":"","protected":false},"author":5,"featured_media":0,"comment_status":"closed","ping_status":"closed","sticky":false,"template":"","format":"standard","meta":{"footnotes":""},"categories":[4939,1484,70],"tags":[5022,5021,1876],"subpage_bus":[3754,86,56],"class_list":["post-17098","post","type-post","status-publish","format-standard","hentry","category-instytut-historyczny","category-uniwersytet-szczecinski","category-wydzial-humanistyczny","tag-dr-ha-agnieszka-szudarek","tag-pamiec","tag-prof-dr-hab-edward-wlodarczyk","subpage_bus-oswiata-i-szkolnictwo","subpage_bus-sylwetki","subpage_bus-zycie-spoleczne"],"_links":{"self":[{"href":"https:\/\/historiaus.usz.edu.pl\/index.php?rest_route=\/wp\/v2\/posts\/17098","targetHints":{"allow":["GET"]}}],"collection":[{"href":"https:\/\/historiaus.usz.edu.pl\/index.php?rest_route=\/wp\/v2\/posts"}],"about":[{"href":"https:\/\/historiaus.usz.edu.pl\/index.php?rest_route=\/wp\/v2\/types\/post"}],"author":[{"embeddable":true,"href":"https:\/\/historiaus.usz.edu.pl\/index.php?rest_route=\/wp\/v2\/users\/5"}],"replies":[{"embeddable":true,"href":"https:\/\/historiaus.usz.edu.pl\/index.php?rest_route=%2Fwp%2Fv2%2Fcomments&post=17098"}],"version-history":[{"count":1,"href":"https:\/\/historiaus.usz.edu.pl\/index.php?rest_route=\/wp\/v2\/posts\/17098\/revisions"}],"predecessor-version":[{"id":17100,"href":"https:\/\/historiaus.usz.edu.pl\/index.php?rest_route=\/wp\/v2\/posts\/17098\/revisions\/17100"}],"wp:attachment":[{"href":"https:\/\/historiaus.usz.edu.pl\/index.php?rest_route=%2Fwp%2Fv2%2Fmedia&parent=17098"}],"wp:term":[{"taxonomy":"category","embeddable":true,"href":"https:\/\/historiaus.usz.edu.pl\/index.php?rest_route=%2Fwp%2Fv2%2Fcategories&post=17098"},{"taxonomy":"post_tag","embeddable":true,"href":"https:\/\/historiaus.usz.edu.pl\/index.php?rest_route=%2Fwp%2Fv2%2Ftags&post=17098"},{"taxonomy":"subpage_bus","embeddable":true,"href":"https:\/\/historiaus.usz.edu.pl\/index.php?rest_route=%2Fwp%2Fv2%2Fsubpage_bus&post=17098"}],"curies":[{"name":"wp","href":"https:\/\/api.w.org\/{rel}","templated":true}]}}