{"id":17292,"date":"2022-01-07T14:46:10","date_gmt":"2022-01-07T13:46:10","guid":{"rendered":"https:\/\/historiaus.usz.edu.pl\/?p=17292"},"modified":"2022-01-12T18:29:33","modified_gmt":"2022-01-12T17:29:33","slug":"uniwersytet-szczecinski-uruchomil-wlasne-radio","status":"publish","type":"post","link":"https:\/\/historiaus.usz.edu.pl\/?p=17292","title":{"rendered":"Uniwersytet Szczeci\u0144ski uruchomi\u0142 w\u0142asne radio"},"content":{"rendered":"\n<figure class=\"wp-block-image size-full\"><a href=\"https:\/\/historiaus.usz.edu.pl\/wp-content\/uploads\/2022\/01\/KSz-8.12.2021.jpg\"><img loading=\"lazy\" decoding=\"async\" width=\"909\" height=\"1157\" src=\"https:\/\/historiaus.usz.edu.pl\/wp-content\/uploads\/2022\/01\/KSz-8.12.2021.jpg\" alt=\"\" class=\"wp-image-17293\" srcset=\"https:\/\/historiaus.usz.edu.pl\/wp-content\/uploads\/2022\/01\/KSz-8.12.2021.jpg 909w, https:\/\/historiaus.usz.edu.pl\/wp-content\/uploads\/2022\/01\/KSz-8.12.2021-236x300.jpg 236w, https:\/\/historiaus.usz.edu.pl\/wp-content\/uploads\/2022\/01\/KSz-8.12.2021-768x978.jpg 768w\" sizes=\"auto, (max-width: 909px) 100vw, 909px\" \/><\/a><\/figure>\n\n\n\n<p><\/p>\n","protected":false},"excerpt":{"rendered":"","protected":false},"author":10,"featured_media":0,"comment_status":"closed","ping_status":"closed","sticky":false,"template":"","format":"standard","meta":{"footnotes":""},"categories":[1484],"tags":[5043,5044,1920,339,5042,5041,2232,5045],"subpage_bus":[3785,56],"class_list":["post-17292","post","type-post","status-publish","format-standard","hentry","category-uniwersytet-szczecinski","tag-centrum-edukacji-medialnej-i-interaktywnosci","tag-dr-konrad-wojtyla","tag-komunikacja","tag-media","tag-nius","tag-niusradio-pl","tag-prof-andrzej-skrendo","tag-radio-akademickie","subpage_bus-kultura-zycie-studenckie","subpage_bus-zycie-spoleczne"],"_links":{"self":[{"href":"https:\/\/historiaus.usz.edu.pl\/index.php?rest_route=\/wp\/v2\/posts\/17292","targetHints":{"allow":["GET"]}}],"collection":[{"href":"https:\/\/historiaus.usz.edu.pl\/index.php?rest_route=\/wp\/v2\/posts"}],"about":[{"href":"https:\/\/historiaus.usz.edu.pl\/index.php?rest_route=\/wp\/v2\/types\/post"}],"author":[{"embeddable":true,"href":"https:\/\/historiaus.usz.edu.pl\/index.php?rest_route=\/wp\/v2\/users\/10"}],"replies":[{"embeddable":true,"href":"https:\/\/historiaus.usz.edu.pl\/index.php?rest_route=%2Fwp%2Fv2%2Fcomments&post=17292"}],"version-history":[{"count":1,"href":"https:\/\/historiaus.usz.edu.pl\/index.php?rest_route=\/wp\/v2\/posts\/17292\/revisions"}],"predecessor-version":[{"id":17294,"href":"https:\/\/historiaus.usz.edu.pl\/index.php?rest_route=\/wp\/v2\/posts\/17292\/revisions\/17294"}],"wp:attachment":[{"href":"https:\/\/historiaus.usz.edu.pl\/index.php?rest_route=%2Fwp%2Fv2%2Fmedia&parent=17292"}],"wp:term":[{"taxonomy":"category","embeddable":true,"href":"https:\/\/historiaus.usz.edu.pl\/index.php?rest_route=%2Fwp%2Fv2%2Fcategories&post=17292"},{"taxonomy":"post_tag","embeddable":true,"href":"https:\/\/historiaus.usz.edu.pl\/index.php?rest_route=%2Fwp%2Fv2%2Ftags&post=17292"},{"taxonomy":"subpage_bus","embeddable":true,"href":"https:\/\/historiaus.usz.edu.pl\/index.php?rest_route=%2Fwp%2Fv2%2Fsubpage_bus&post=17292"}],"curies":[{"name":"wp","href":"https:\/\/api.w.org\/{rel}","templated":true}]}}