{"id":17744,"date":"2022-01-13T13:15:41","date_gmt":"2022-01-13T12:15:41","guid":{"rendered":"https:\/\/historiaus.usz.edu.pl\/?p=17744"},"modified":"2022-01-13T13:22:56","modified_gmt":"2022-01-13T12:22:56","slug":"upamietnimy-stan-wojenny-i-szczecinski-grudzien-70","status":"publish","type":"post","link":"https:\/\/historiaus.usz.edu.pl\/?p=17744","title":{"rendered":"Upami\u0119tnimy stan wojenny i szczeci\u0144ski Grudzie\u0144 &#8217;70"},"content":{"rendered":"\n<figure class=\"wp-block-image size-full\"><a href=\"https:\/\/historiaus.usz.edu.pl\/wp-content\/uploads\/2022\/01\/KSz-1.12.2021.jpg\"><img loading=\"lazy\" decoding=\"async\" width=\"1541\" height=\"1081\" src=\"https:\/\/historiaus.usz.edu.pl\/wp-content\/uploads\/2022\/01\/KSz-1.12.2021.jpg\" alt=\"\" class=\"wp-image-17745\" srcset=\"https:\/\/historiaus.usz.edu.pl\/wp-content\/uploads\/2022\/01\/KSz-1.12.2021.jpg 1541w, https:\/\/historiaus.usz.edu.pl\/wp-content\/uploads\/2022\/01\/KSz-1.12.2021-428x300.jpg 428w, https:\/\/historiaus.usz.edu.pl\/wp-content\/uploads\/2022\/01\/KSz-1.12.2021-768x539.jpg 768w, https:\/\/historiaus.usz.edu.pl\/wp-content\/uploads\/2022\/01\/KSz-1.12.2021-1536x1077.jpg 1536w\" sizes=\"auto, (max-width: 1541px) 100vw, 1541px\" \/><\/a><\/figure>\n","protected":false},"excerpt":{"rendered":"","protected":false},"author":10,"featured_media":0,"comment_status":"closed","ping_status":"closed","sticky":false,"template":"","format":"standard","meta":{"footnotes":""},"categories":[482,1484],"tags":[5105,5094,5095,5104,5097,1718],"subpage_bus":[4519,241,60,50,86,56],"class_list":["post-17744","post","type-post","status-publish","format-standard","hentry","category-instytut-historii","category-uniwersytet-szczecinski","tag-debata-male-s","tag-dr-hab-radoslaw-ptaszynski","tag-grudzien-70","tag-obchody","tag-solidarnosc","tag-stan-wojenny","subpage_bus-historia","subpage_bus-kalendarium","subpage_bus-kultura","subpage_bus-publikacje-wyklady-pracownikow-wypowiedzi-opinie-polemiki-udzial-w-imprezach","subpage_bus-sylwetki","subpage_bus-zycie-spoleczne"],"_links":{"self":[{"href":"https:\/\/historiaus.usz.edu.pl\/index.php?rest_route=\/wp\/v2\/posts\/17744","targetHints":{"allow":["GET"]}}],"collection":[{"href":"https:\/\/historiaus.usz.edu.pl\/index.php?rest_route=\/wp\/v2\/posts"}],"about":[{"href":"https:\/\/historiaus.usz.edu.pl\/index.php?rest_route=\/wp\/v2\/types\/post"}],"author":[{"embeddable":true,"href":"https:\/\/historiaus.usz.edu.pl\/index.php?rest_route=\/wp\/v2\/users\/10"}],"replies":[{"embeddable":true,"href":"https:\/\/historiaus.usz.edu.pl\/index.php?rest_route=%2Fwp%2Fv2%2Fcomments&post=17744"}],"version-history":[{"count":1,"href":"https:\/\/historiaus.usz.edu.pl\/index.php?rest_route=\/wp\/v2\/posts\/17744\/revisions"}],"predecessor-version":[{"id":17746,"href":"https:\/\/historiaus.usz.edu.pl\/index.php?rest_route=\/wp\/v2\/posts\/17744\/revisions\/17746"}],"wp:attachment":[{"href":"https:\/\/historiaus.usz.edu.pl\/index.php?rest_route=%2Fwp%2Fv2%2Fmedia&parent=17744"}],"wp:term":[{"taxonomy":"category","embeddable":true,"href":"https:\/\/historiaus.usz.edu.pl\/index.php?rest_route=%2Fwp%2Fv2%2Fcategories&post=17744"},{"taxonomy":"post_tag","embeddable":true,"href":"https:\/\/historiaus.usz.edu.pl\/index.php?rest_route=%2Fwp%2Fv2%2Ftags&post=17744"},{"taxonomy":"subpage_bus","embeddable":true,"href":"https:\/\/historiaus.usz.edu.pl\/index.php?rest_route=%2Fwp%2Fv2%2Fsubpage_bus&post=17744"}],"curies":[{"name":"wp","href":"https:\/\/api.w.org\/{rel}","templated":true}]}}