{"id":1776,"date":"2015-05-27T11:24:50","date_gmt":"2015-05-27T09:24:50","guid":{"rendered":"https:\/\/historiaus.usz.edu.pl\/?p=1776"},"modified":"2015-05-27T11:24:50","modified_gmt":"2015-05-27T09:24:50","slug":"lubinska-wciaz-nie-wie-czy-wystartuje","status":"publish","type":"post","link":"https:\/\/historiaus.usz.edu.pl\/?p=1776","title":{"rendered":"Lubi\u0144ska wci\u0105\u017c nie wie, czy wystartuje"},"content":{"rendered":"<p><a href=\"https:\/\/historiaus.usz.edu.pl\/wp-content\/uploads\/2015\/05\/11.05.2006-2.jpg\"><img loading=\"lazy\" decoding=\"async\" class=\"alignnone size-medium wp-image-1777\" src=\"https:\/\/historiaus.usz.edu.pl\/wp-content\/uploads\/2015\/05\/11.05.2006-2-450x255.jpg\" alt=\"11.05.2006 (2)\" width=\"450\" height=\"255\" srcset=\"https:\/\/historiaus.usz.edu.pl\/wp-content\/uploads\/2015\/05\/11.05.2006-2-450x255.jpg 450w, https:\/\/historiaus.usz.edu.pl\/wp-content\/uploads\/2015\/05\/11.05.2006-2.jpg 1795w\" sizes=\"auto, (max-width: 450px) 100vw, 450px\" \/><\/a><\/p>\n","protected":false},"excerpt":{"rendered":"","protected":false},"author":5,"featured_media":0,"comment_status":"closed","ping_status":"closed","sticky":false,"template":"","format":"standard","meta":{"footnotes":""},"categories":[177],"tags":[311,205],"subpage_bus":[86,56,59],"class_list":["post-1776","post","type-post","status-publish","format-standard","hentry","category-wydzial-nauk-ekonomicznych-i-zarzadzania","tag-prof-teresa-lubinska","tag-wybory","subpage_bus-sylwetki","subpage_bus-zycie-spoleczne","subpage_bus-zycie-spoleczne-i-polityczne"],"_links":{"self":[{"href":"https:\/\/historiaus.usz.edu.pl\/index.php?rest_route=\/wp\/v2\/posts\/1776","targetHints":{"allow":["GET"]}}],"collection":[{"href":"https:\/\/historiaus.usz.edu.pl\/index.php?rest_route=\/wp\/v2\/posts"}],"about":[{"href":"https:\/\/historiaus.usz.edu.pl\/index.php?rest_route=\/wp\/v2\/types\/post"}],"author":[{"embeddable":true,"href":"https:\/\/historiaus.usz.edu.pl\/index.php?rest_route=\/wp\/v2\/users\/5"}],"replies":[{"embeddable":true,"href":"https:\/\/historiaus.usz.edu.pl\/index.php?rest_route=%2Fwp%2Fv2%2Fcomments&post=1776"}],"version-history":[{"count":1,"href":"https:\/\/historiaus.usz.edu.pl\/index.php?rest_route=\/wp\/v2\/posts\/1776\/revisions"}],"predecessor-version":[{"id":1778,"href":"https:\/\/historiaus.usz.edu.pl\/index.php?rest_route=\/wp\/v2\/posts\/1776\/revisions\/1778"}],"wp:attachment":[{"href":"https:\/\/historiaus.usz.edu.pl\/index.php?rest_route=%2Fwp%2Fv2%2Fmedia&parent=1776"}],"wp:term":[{"taxonomy":"category","embeddable":true,"href":"https:\/\/historiaus.usz.edu.pl\/index.php?rest_route=%2Fwp%2Fv2%2Fcategories&post=1776"},{"taxonomy":"post_tag","embeddable":true,"href":"https:\/\/historiaus.usz.edu.pl\/index.php?rest_route=%2Fwp%2Fv2%2Ftags&post=1776"},{"taxonomy":"subpage_bus","embeddable":true,"href":"https:\/\/historiaus.usz.edu.pl\/index.php?rest_route=%2Fwp%2Fv2%2Fsubpage_bus&post=1776"}],"curies":[{"name":"wp","href":"https:\/\/api.w.org\/{rel}","templated":true}]}}