{"id":18220,"date":"2022-01-25T13:03:09","date_gmt":"2022-01-25T12:03:09","guid":{"rendered":"https:\/\/historiaus.usz.edu.pl\/?p=18220"},"modified":"2022-01-25T13:03:10","modified_gmt":"2022-01-25T12:03:10","slug":"urodziny-z-proba-rozliczenia-przeszlosci","status":"publish","type":"post","link":"https:\/\/historiaus.usz.edu.pl\/?p=18220","title":{"rendered":"Urodziny z pr\u00f3b\u0105 rozliczenia przesz\u0142o\u015bci"},"content":{"rendered":"\n<figure class=\"wp-block-image size-full\"><a href=\"https:\/\/historiaus.usz.edu.pl\/wp-content\/uploads\/2022\/01\/KSz-21-23.01.2022-Str.Kult_.Stud_.US_.jpg\"><img loading=\"lazy\" decoding=\"async\" width=\"1560\" height=\"2322\" src=\"https:\/\/historiaus.usz.edu.pl\/wp-content\/uploads\/2022\/01\/KSz-21-23.01.2022-Str.Kult_.Stud_.US_.jpg\" alt=\"\" class=\"wp-image-18224\" srcset=\"https:\/\/historiaus.usz.edu.pl\/wp-content\/uploads\/2022\/01\/KSz-21-23.01.2022-Str.Kult_.Stud_.US_.jpg 1560w, https:\/\/historiaus.usz.edu.pl\/wp-content\/uploads\/2022\/01\/KSz-21-23.01.2022-Str.Kult_.Stud_.US_-202x300.jpg 202w, https:\/\/historiaus.usz.edu.pl\/wp-content\/uploads\/2022\/01\/KSz-21-23.01.2022-Str.Kult_.Stud_.US_-768x1143.jpg 768w, https:\/\/historiaus.usz.edu.pl\/wp-content\/uploads\/2022\/01\/KSz-21-23.01.2022-Str.Kult_.Stud_.US_-1032x1536.jpg 1032w, https:\/\/historiaus.usz.edu.pl\/wp-content\/uploads\/2022\/01\/KSz-21-23.01.2022-Str.Kult_.Stud_.US_-1376x2048.jpg 1376w\" sizes=\"auto, (max-width: 1560px) 100vw, 1560px\" \/><\/a><\/figure>\n","protected":false},"excerpt":{"rendered":"","protected":false},"author":10,"featured_media":0,"comment_status":"closed","ping_status":"closed","sticky":false,"template":"","format":"standard","meta":{"footnotes":""},"categories":[1484],"tags":[5159,5161,5157,5156,5160,5158],"subpage_bus":[60,3785,86,56,1974],"class_list":["post-18220","post","type-post","status-publish","format-standard","hentry","category-uniwersytet-szczecinski","tag-bursztynowi-laureaci","tag-bursztynowy-pierscien","tag-ekipa-teatralna","tag-strefa-kultury-studenckiej-uniwersytetu-szczecinskiego","tag-tatiana-malinowska-tyszkiewicz","tag-teatr-nie-ma","subpage_bus-kultura","subpage_bus-kultura-zycie-studenckie","subpage_bus-sylwetki","subpage_bus-zycie-spoleczne","subpage_bus-zycie-studenckie"],"_links":{"self":[{"href":"https:\/\/historiaus.usz.edu.pl\/index.php?rest_route=\/wp\/v2\/posts\/18220","targetHints":{"allow":["GET"]}}],"collection":[{"href":"https:\/\/historiaus.usz.edu.pl\/index.php?rest_route=\/wp\/v2\/posts"}],"about":[{"href":"https:\/\/historiaus.usz.edu.pl\/index.php?rest_route=\/wp\/v2\/types\/post"}],"author":[{"embeddable":true,"href":"https:\/\/historiaus.usz.edu.pl\/index.php?rest_route=\/wp\/v2\/users\/10"}],"replies":[{"embeddable":true,"href":"https:\/\/historiaus.usz.edu.pl\/index.php?rest_route=%2Fwp%2Fv2%2Fcomments&post=18220"}],"version-history":[{"count":1,"href":"https:\/\/historiaus.usz.edu.pl\/index.php?rest_route=\/wp\/v2\/posts\/18220\/revisions"}],"predecessor-version":[{"id":18225,"href":"https:\/\/historiaus.usz.edu.pl\/index.php?rest_route=\/wp\/v2\/posts\/18220\/revisions\/18225"}],"wp:attachment":[{"href":"https:\/\/historiaus.usz.edu.pl\/index.php?rest_route=%2Fwp%2Fv2%2Fmedia&parent=18220"}],"wp:term":[{"taxonomy":"category","embeddable":true,"href":"https:\/\/historiaus.usz.edu.pl\/index.php?rest_route=%2Fwp%2Fv2%2Fcategories&post=18220"},{"taxonomy":"post_tag","embeddable":true,"href":"https:\/\/historiaus.usz.edu.pl\/index.php?rest_route=%2Fwp%2Fv2%2Ftags&post=18220"},{"taxonomy":"subpage_bus","embeddable":true,"href":"https:\/\/historiaus.usz.edu.pl\/index.php?rest_route=%2Fwp%2Fv2%2Fsubpage_bus&post=18220"}],"curies":[{"name":"wp","href":"https:\/\/api.w.org\/{rel}","templated":true}]}}