{"id":18777,"date":"2022-03-09T18:47:53","date_gmt":"2022-03-09T17:47:53","guid":{"rendered":"https:\/\/historiaus.usz.edu.pl\/?p=18777"},"modified":"2022-03-10T10:12:47","modified_gmt":"2022-03-10T09:12:47","slug":"kto-umarl-kto-zginal-kto-polegl","status":"publish","type":"post","link":"https:\/\/historiaus.usz.edu.pl\/?p=18777","title":{"rendered":"Kto umar\u0142, kto zgin\u0105\u0142, kto poleg\u0142"},"content":{"rendered":"\n<figure class=\"wp-block-image size-full\"><a href=\"https:\/\/historiaus.usz.edu.pl\/wp-content\/uploads\/2022\/03\/KSz-29.10-1.11.2010-corrida.jpg\"><img loading=\"lazy\" decoding=\"async\" width=\"1210\" height=\"898\" src=\"https:\/\/historiaus.usz.edu.pl\/wp-content\/uploads\/2022\/03\/KSz-29.10-1.11.2010-corrida.jpg\" alt=\"\" class=\"wp-image-18778\" srcset=\"https:\/\/historiaus.usz.edu.pl\/wp-content\/uploads\/2022\/03\/KSz-29.10-1.11.2010-corrida.jpg 1210w, https:\/\/historiaus.usz.edu.pl\/wp-content\/uploads\/2022\/03\/KSz-29.10-1.11.2010-corrida-404x300.jpg 404w, https:\/\/historiaus.usz.edu.pl\/wp-content\/uploads\/2022\/03\/KSz-29.10-1.11.2010-corrida-768x570.jpg 768w\" sizes=\"auto, (max-width: 1210px) 100vw, 1210px\" \/><\/a><\/figure>\n","protected":false},"excerpt":{"rendered":"","protected":false},"author":10,"featured_media":0,"comment_status":"closed","ping_status":"closed","sticky":false,"template":"","format":"standard","meta":{"footnotes":""},"categories":[4608,1484,70],"tags":[1546],"subpage_bus":[49,86,56],"class_list":["post-18777","post","type-post","status-publish","format-standard","hentry","category-instytut-jezykoznawstwa","category-uniwersytet-szczecinski","category-wydzial-humanistyczny","tag-dr-hab-ewa-kolodziejek","subpage_bus-dzialalnosc-naukowa-i-dydaktyczna","subpage_bus-sylwetki","subpage_bus-zycie-spoleczne"],"_links":{"self":[{"href":"https:\/\/historiaus.usz.edu.pl\/index.php?rest_route=\/wp\/v2\/posts\/18777","targetHints":{"allow":["GET"]}}],"collection":[{"href":"https:\/\/historiaus.usz.edu.pl\/index.php?rest_route=\/wp\/v2\/posts"}],"about":[{"href":"https:\/\/historiaus.usz.edu.pl\/index.php?rest_route=\/wp\/v2\/types\/post"}],"author":[{"embeddable":true,"href":"https:\/\/historiaus.usz.edu.pl\/index.php?rest_route=\/wp\/v2\/users\/10"}],"replies":[{"embeddable":true,"href":"https:\/\/historiaus.usz.edu.pl\/index.php?rest_route=%2Fwp%2Fv2%2Fcomments&post=18777"}],"version-history":[{"count":1,"href":"https:\/\/historiaus.usz.edu.pl\/index.php?rest_route=\/wp\/v2\/posts\/18777\/revisions"}],"predecessor-version":[{"id":18779,"href":"https:\/\/historiaus.usz.edu.pl\/index.php?rest_route=\/wp\/v2\/posts\/18777\/revisions\/18779"}],"wp:attachment":[{"href":"https:\/\/historiaus.usz.edu.pl\/index.php?rest_route=%2Fwp%2Fv2%2Fmedia&parent=18777"}],"wp:term":[{"taxonomy":"category","embeddable":true,"href":"https:\/\/historiaus.usz.edu.pl\/index.php?rest_route=%2Fwp%2Fv2%2Fcategories&post=18777"},{"taxonomy":"post_tag","embeddable":true,"href":"https:\/\/historiaus.usz.edu.pl\/index.php?rest_route=%2Fwp%2Fv2%2Ftags&post=18777"},{"taxonomy":"subpage_bus","embeddable":true,"href":"https:\/\/historiaus.usz.edu.pl\/index.php?rest_route=%2Fwp%2Fv2%2Fsubpage_bus&post=18777"}],"curies":[{"name":"wp","href":"https:\/\/api.w.org\/{rel}","templated":true}]}}