{"id":18857,"date":"2022-03-22T12:51:00","date_gmt":"2022-03-22T11:51:00","guid":{"rendered":"https:\/\/historiaus.usz.edu.pl\/?p=18857"},"modified":"2022-03-22T13:12:57","modified_gmt":"2022-03-22T12:12:57","slug":"kto-dolaczy-do-augustynowicz-iwasiow-i-grupy-hey","status":"publish","type":"post","link":"https:\/\/historiaus.usz.edu.pl\/?p=18857","title":{"rendered":"Kto do\u0142\u0105czy do Augustynowicz, Iwasi\u00f3w i grupy Hey?"},"content":{"rendered":"\n<figure class=\"wp-block-image size-full\"><a href=\"https:\/\/historiaus.usz.edu.pl\/wp-content\/uploads\/2022\/03\/KSz-10.02.2022-Nr-28-s.5-Iwasiow-2.jpg\"><img loading=\"lazy\" decoding=\"async\" width=\"910\" height=\"1101\" src=\"https:\/\/historiaus.usz.edu.pl\/wp-content\/uploads\/2022\/03\/KSz-10.02.2022-Nr-28-s.5-Iwasiow-2.jpg\" alt=\"\" class=\"wp-image-18933\" srcset=\"https:\/\/historiaus.usz.edu.pl\/wp-content\/uploads\/2022\/03\/KSz-10.02.2022-Nr-28-s.5-Iwasiow-2.jpg 910w, https:\/\/historiaus.usz.edu.pl\/wp-content\/uploads\/2022\/03\/KSz-10.02.2022-Nr-28-s.5-Iwasiow-2-248x300.jpg 248w, https:\/\/historiaus.usz.edu.pl\/wp-content\/uploads\/2022\/03\/KSz-10.02.2022-Nr-28-s.5-Iwasiow-2-768x929.jpg 768w\" sizes=\"auto, (max-width: 910px) 100vw, 910px\" \/><\/a><\/figure>\n","protected":false},"excerpt":{"rendered":"","protected":false},"author":10,"featured_media":0,"comment_status":"closed","ping_status":"closed","sticky":false,"template":"","format":"standard","meta":{"footnotes":""},"categories":[1484],"tags":[3656,1533,416],"subpage_bus":[60,51,86,56],"class_list":["post-18857","post","type-post","status-publish","format-standard","hentry","category-uniwersytet-szczecinski","tag-laureaci","tag-nagroda-artystyczna-miasta-szczecina","tag-prof-dr-hab-inga-iwasiow","subpage_bus-kultura","subpage_bus-nominacje-nagrody","subpage_bus-sylwetki","subpage_bus-zycie-spoleczne"],"_links":{"self":[{"href":"https:\/\/historiaus.usz.edu.pl\/index.php?rest_route=\/wp\/v2\/posts\/18857","targetHints":{"allow":["GET"]}}],"collection":[{"href":"https:\/\/historiaus.usz.edu.pl\/index.php?rest_route=\/wp\/v2\/posts"}],"about":[{"href":"https:\/\/historiaus.usz.edu.pl\/index.php?rest_route=\/wp\/v2\/types\/post"}],"author":[{"embeddable":true,"href":"https:\/\/historiaus.usz.edu.pl\/index.php?rest_route=\/wp\/v2\/users\/10"}],"replies":[{"embeddable":true,"href":"https:\/\/historiaus.usz.edu.pl\/index.php?rest_route=%2Fwp%2Fv2%2Fcomments&post=18857"}],"version-history":[{"count":2,"href":"https:\/\/historiaus.usz.edu.pl\/index.php?rest_route=\/wp\/v2\/posts\/18857\/revisions"}],"predecessor-version":[{"id":18935,"href":"https:\/\/historiaus.usz.edu.pl\/index.php?rest_route=\/wp\/v2\/posts\/18857\/revisions\/18935"}],"wp:attachment":[{"href":"https:\/\/historiaus.usz.edu.pl\/index.php?rest_route=%2Fwp%2Fv2%2Fmedia&parent=18857"}],"wp:term":[{"taxonomy":"category","embeddable":true,"href":"https:\/\/historiaus.usz.edu.pl\/index.php?rest_route=%2Fwp%2Fv2%2Fcategories&post=18857"},{"taxonomy":"post_tag","embeddable":true,"href":"https:\/\/historiaus.usz.edu.pl\/index.php?rest_route=%2Fwp%2Fv2%2Ftags&post=18857"},{"taxonomy":"subpage_bus","embeddable":true,"href":"https:\/\/historiaus.usz.edu.pl\/index.php?rest_route=%2Fwp%2Fv2%2Fsubpage_bus&post=18857"}],"curies":[{"name":"wp","href":"https:\/\/api.w.org\/{rel}","templated":true}]}}