{"id":18893,"date":"2022-03-22T09:58:56","date_gmt":"2022-03-22T08:58:56","guid":{"rendered":"https:\/\/historiaus.usz.edu.pl\/?p=18893"},"modified":"2022-03-22T10:07:12","modified_gmt":"2022-03-22T09:07:12","slug":"duza-radosc-sprawiaja-wyroznienia","status":"publish","type":"post","link":"https:\/\/historiaus.usz.edu.pl\/?p=18893","title":{"rendered":"Du\u017c\u0105 rado\u015b\u0107 sprawiaj\u0105 wyr\u00f3\u017cnienia"},"content":{"rendered":"\n<figure class=\"wp-block-image size-full\"><a href=\"https:\/\/historiaus.usz.edu.pl\/wp-content\/uploads\/2022\/03\/GSz-10.02.2022-Nr-33-s.01-dodatek-specjalny.jpg\"><img loading=\"lazy\" decoding=\"async\" width=\"1664\" height=\"1139\" src=\"https:\/\/historiaus.usz.edu.pl\/wp-content\/uploads\/2022\/03\/GSz-10.02.2022-Nr-33-s.01-dodatek-specjalny.jpg\" alt=\"\" class=\"wp-image-18894\" srcset=\"https:\/\/historiaus.usz.edu.pl\/wp-content\/uploads\/2022\/03\/GSz-10.02.2022-Nr-33-s.01-dodatek-specjalny.jpg 1664w, https:\/\/historiaus.usz.edu.pl\/wp-content\/uploads\/2022\/03\/GSz-10.02.2022-Nr-33-s.01-dodatek-specjalny-438x300.jpg 438w, https:\/\/historiaus.usz.edu.pl\/wp-content\/uploads\/2022\/03\/GSz-10.02.2022-Nr-33-s.01-dodatek-specjalny-768x526.jpg 768w, https:\/\/historiaus.usz.edu.pl\/wp-content\/uploads\/2022\/03\/GSz-10.02.2022-Nr-33-s.01-dodatek-specjalny-1536x1051.jpg 1536w\" sizes=\"auto, (max-width: 1664px) 100vw, 1664px\" \/><\/a><\/figure>\n\n\n\n<figure class=\"wp-block-image size-full\"><a href=\"https:\/\/historiaus.usz.edu.pl\/wp-content\/uploads\/2022\/03\/GSz-10.02.2022-Nr-33-s.16-w-Dodatku-specj..jpg\"><img loading=\"lazy\" decoding=\"async\" width=\"1620\" height=\"1204\" src=\"https:\/\/historiaus.usz.edu.pl\/wp-content\/uploads\/2022\/03\/GSz-10.02.2022-Nr-33-s.16-w-Dodatku-specj..jpg\" alt=\"\" class=\"wp-image-18895\" srcset=\"https:\/\/historiaus.usz.edu.pl\/wp-content\/uploads\/2022\/03\/GSz-10.02.2022-Nr-33-s.16-w-Dodatku-specj..jpg 1620w, https:\/\/historiaus.usz.edu.pl\/wp-content\/uploads\/2022\/03\/GSz-10.02.2022-Nr-33-s.16-w-Dodatku-specj.-404x300.jpg 404w, https:\/\/historiaus.usz.edu.pl\/wp-content\/uploads\/2022\/03\/GSz-10.02.2022-Nr-33-s.16-w-Dodatku-specj.-768x571.jpg 768w, https:\/\/historiaus.usz.edu.pl\/wp-content\/uploads\/2022\/03\/GSz-10.02.2022-Nr-33-s.16-w-Dodatku-specj.-1536x1142.jpg 1536w\" sizes=\"auto, (max-width: 1620px) 100vw, 1620px\" \/><\/a><\/figure>\n","protected":false},"excerpt":{"rendered":"","protected":false},"author":10,"featured_media":0,"comment_status":"closed","ping_status":"closed","sticky":false,"template":"","format":"standard","meta":{"footnotes":""},"categories":[1484],"tags":[4388,4387,5209],"subpage_bus":[3881,51,3754,86,343],"class_list":["post-18893","post","type-post","status-publish","format-standard","hentry","category-uniwersytet-szczecinski","tag-dr-inz-ireneusz-miciula","tag-nauczyciel-akademicki","tag-wielki-plebiscyt-edukacyjny","subpage_bus-nauka-zycie-studenckie","subpage_bus-nominacje-nagrody","subpage_bus-oswiata-i-szkolnictwo","subpage_bus-sylwetki","subpage_bus-wywiad"],"_links":{"self":[{"href":"https:\/\/historiaus.usz.edu.pl\/index.php?rest_route=\/wp\/v2\/posts\/18893","targetHints":{"allow":["GET"]}}],"collection":[{"href":"https:\/\/historiaus.usz.edu.pl\/index.php?rest_route=\/wp\/v2\/posts"}],"about":[{"href":"https:\/\/historiaus.usz.edu.pl\/index.php?rest_route=\/wp\/v2\/types\/post"}],"author":[{"embeddable":true,"href":"https:\/\/historiaus.usz.edu.pl\/index.php?rest_route=\/wp\/v2\/users\/10"}],"replies":[{"embeddable":true,"href":"https:\/\/historiaus.usz.edu.pl\/index.php?rest_route=%2Fwp%2Fv2%2Fcomments&post=18893"}],"version-history":[{"count":1,"href":"https:\/\/historiaus.usz.edu.pl\/index.php?rest_route=\/wp\/v2\/posts\/18893\/revisions"}],"predecessor-version":[{"id":18896,"href":"https:\/\/historiaus.usz.edu.pl\/index.php?rest_route=\/wp\/v2\/posts\/18893\/revisions\/18896"}],"wp:attachment":[{"href":"https:\/\/historiaus.usz.edu.pl\/index.php?rest_route=%2Fwp%2Fv2%2Fmedia&parent=18893"}],"wp:term":[{"taxonomy":"category","embeddable":true,"href":"https:\/\/historiaus.usz.edu.pl\/index.php?rest_route=%2Fwp%2Fv2%2Fcategories&post=18893"},{"taxonomy":"post_tag","embeddable":true,"href":"https:\/\/historiaus.usz.edu.pl\/index.php?rest_route=%2Fwp%2Fv2%2Ftags&post=18893"},{"taxonomy":"subpage_bus","embeddable":true,"href":"https:\/\/historiaus.usz.edu.pl\/index.php?rest_route=%2Fwp%2Fv2%2Fsubpage_bus&post=18893"}],"curies":[{"name":"wp","href":"https:\/\/api.w.org\/{rel}","templated":true}]}}