{"id":19030,"date":"2022-04-05T15:10:51","date_gmt":"2022-04-05T13:10:51","guid":{"rendered":"https:\/\/historiaus.usz.edu.pl\/?p=19030"},"modified":"2022-04-05T15:10:52","modified_gmt":"2022-04-05T13:10:52","slug":"naukowcy-beda-rozprawiali-sie-z-mozgiem","status":"publish","type":"post","link":"https:\/\/historiaus.usz.edu.pl\/?p=19030","title":{"rendered":"Naukowcy b\u0119d\u0105 rozprawiali si\u0119 z m\u00f3zgiem"},"content":{"rendered":"\n<figure class=\"wp-block-image size-full\"><a href=\"https:\/\/historiaus.usz.edu.pl\/wp-content\/uploads\/2022\/04\/GSz-31.03.2022-Nr-75-s.4.jpg\"><img loading=\"lazy\" decoding=\"async\" width=\"794\" height=\"489\" src=\"https:\/\/historiaus.usz.edu.pl\/wp-content\/uploads\/2022\/04\/GSz-31.03.2022-Nr-75-s.4.jpg\" alt=\"\" class=\"wp-image-19031\" srcset=\"https:\/\/historiaus.usz.edu.pl\/wp-content\/uploads\/2022\/04\/GSz-31.03.2022-Nr-75-s.4.jpg 794w, https:\/\/historiaus.usz.edu.pl\/wp-content\/uploads\/2022\/04\/GSz-31.03.2022-Nr-75-s.4-450x277.jpg 450w, https:\/\/historiaus.usz.edu.pl\/wp-content\/uploads\/2022\/04\/GSz-31.03.2022-Nr-75-s.4-768x473.jpg 768w\" sizes=\"auto, (max-width: 794px) 100vw, 794px\" \/><\/a><\/figure>\n","protected":false},"excerpt":{"rendered":"","protected":false},"author":10,"featured_media":0,"comment_status":"closed","ping_status":"closed","sticky":false,"template":"","format":"standard","meta":{"footnotes":""},"categories":[1484,70],"tags":[5235,366],"subpage_bus":[49,86],"class_list":["post-19030","post","type-post","status-publish","format-standard","hentry","category-uniwersytet-szczecinski","category-wydzial-humanistyczny","tag-dni-mozgu","tag-prof-andrzej-potemkowski","subpage_bus-dzialalnosc-naukowa-i-dydaktyczna","subpage_bus-sylwetki"],"_links":{"self":[{"href":"https:\/\/historiaus.usz.edu.pl\/index.php?rest_route=\/wp\/v2\/posts\/19030","targetHints":{"allow":["GET"]}}],"collection":[{"href":"https:\/\/historiaus.usz.edu.pl\/index.php?rest_route=\/wp\/v2\/posts"}],"about":[{"href":"https:\/\/historiaus.usz.edu.pl\/index.php?rest_route=\/wp\/v2\/types\/post"}],"author":[{"embeddable":true,"href":"https:\/\/historiaus.usz.edu.pl\/index.php?rest_route=\/wp\/v2\/users\/10"}],"replies":[{"embeddable":true,"href":"https:\/\/historiaus.usz.edu.pl\/index.php?rest_route=%2Fwp%2Fv2%2Fcomments&post=19030"}],"version-history":[{"count":1,"href":"https:\/\/historiaus.usz.edu.pl\/index.php?rest_route=\/wp\/v2\/posts\/19030\/revisions"}],"predecessor-version":[{"id":19032,"href":"https:\/\/historiaus.usz.edu.pl\/index.php?rest_route=\/wp\/v2\/posts\/19030\/revisions\/19032"}],"wp:attachment":[{"href":"https:\/\/historiaus.usz.edu.pl\/index.php?rest_route=%2Fwp%2Fv2%2Fmedia&parent=19030"}],"wp:term":[{"taxonomy":"category","embeddable":true,"href":"https:\/\/historiaus.usz.edu.pl\/index.php?rest_route=%2Fwp%2Fv2%2Fcategories&post=19030"},{"taxonomy":"post_tag","embeddable":true,"href":"https:\/\/historiaus.usz.edu.pl\/index.php?rest_route=%2Fwp%2Fv2%2Ftags&post=19030"},{"taxonomy":"subpage_bus","embeddable":true,"href":"https:\/\/historiaus.usz.edu.pl\/index.php?rest_route=%2Fwp%2Fv2%2Fsubpage_bus&post=19030"}],"curies":[{"name":"wp","href":"https:\/\/api.w.org\/{rel}","templated":true}]}}