{"id":19123,"date":"2022-04-19T08:48:45","date_gmt":"2022-04-19T06:48:45","guid":{"rendered":"https:\/\/historiaus.usz.edu.pl\/?p=19123"},"modified":"2022-04-19T08:48:46","modified_gmt":"2022-04-19T06:48:46","slug":"zaproszenie-iii-jasienickie-zamyslenia-nad-piesnia-pasyjna","status":"publish","type":"post","link":"https:\/\/historiaus.usz.edu.pl\/?p=19123","title":{"rendered":"Zaproszenie. III Jasienickie Zamy\u015blenia Nad Pie\u015bni\u0105 Pasyjn\u0105"},"content":{"rendered":"\n<figure class=\"wp-block-image size-full\"><a href=\"https:\/\/historiaus.usz.edu.pl\/wp-content\/uploads\/2022\/04\/GSz-08.04.2022-Nr-82-s.4-1.jpg\"><img loading=\"lazy\" decoding=\"async\" width=\"789\" height=\"462\" src=\"https:\/\/historiaus.usz.edu.pl\/wp-content\/uploads\/2022\/04\/GSz-08.04.2022-Nr-82-s.4-1.jpg\" alt=\"\" class=\"wp-image-19125\" srcset=\"https:\/\/historiaus.usz.edu.pl\/wp-content\/uploads\/2022\/04\/GSz-08.04.2022-Nr-82-s.4-1.jpg 789w, https:\/\/historiaus.usz.edu.pl\/wp-content\/uploads\/2022\/04\/GSz-08.04.2022-Nr-82-s.4-1-450x263.jpg 450w, https:\/\/historiaus.usz.edu.pl\/wp-content\/uploads\/2022\/04\/GSz-08.04.2022-Nr-82-s.4-1-768x450.jpg 768w\" sizes=\"auto, (max-width: 789px) 100vw, 789px\" \/><\/a><\/figure>\n","protected":false},"excerpt":{"rendered":"","protected":false},"author":10,"featured_media":0,"comment_status":"closed","ping_status":"closed","sticky":false,"template":"","format":"standard","meta":{"footnotes":""},"categories":[1484],"tags":[1706,2835,5270,5269],"subpage_bus":[60],"class_list":["post-19123","post","type-post","status-publish","format-standard","hentry","category-uniwersytet-szczecinski","tag-chor-uniwersytetu-szczecinskiego","tag-koncert","tag-pawel-kornicz","tag-spotkanie-spiewacze","subpage_bus-kultura"],"_links":{"self":[{"href":"https:\/\/historiaus.usz.edu.pl\/index.php?rest_route=\/wp\/v2\/posts\/19123","targetHints":{"allow":["GET"]}}],"collection":[{"href":"https:\/\/historiaus.usz.edu.pl\/index.php?rest_route=\/wp\/v2\/posts"}],"about":[{"href":"https:\/\/historiaus.usz.edu.pl\/index.php?rest_route=\/wp\/v2\/types\/post"}],"author":[{"embeddable":true,"href":"https:\/\/historiaus.usz.edu.pl\/index.php?rest_route=\/wp\/v2\/users\/10"}],"replies":[{"embeddable":true,"href":"https:\/\/historiaus.usz.edu.pl\/index.php?rest_route=%2Fwp%2Fv2%2Fcomments&post=19123"}],"version-history":[{"count":1,"href":"https:\/\/historiaus.usz.edu.pl\/index.php?rest_route=\/wp\/v2\/posts\/19123\/revisions"}],"predecessor-version":[{"id":19126,"href":"https:\/\/historiaus.usz.edu.pl\/index.php?rest_route=\/wp\/v2\/posts\/19123\/revisions\/19126"}],"wp:attachment":[{"href":"https:\/\/historiaus.usz.edu.pl\/index.php?rest_route=%2Fwp%2Fv2%2Fmedia&parent=19123"}],"wp:term":[{"taxonomy":"category","embeddable":true,"href":"https:\/\/historiaus.usz.edu.pl\/index.php?rest_route=%2Fwp%2Fv2%2Fcategories&post=19123"},{"taxonomy":"post_tag","embeddable":true,"href":"https:\/\/historiaus.usz.edu.pl\/index.php?rest_route=%2Fwp%2Fv2%2Ftags&post=19123"},{"taxonomy":"subpage_bus","embeddable":true,"href":"https:\/\/historiaus.usz.edu.pl\/index.php?rest_route=%2Fwp%2Fv2%2Fsubpage_bus&post=19123"}],"curies":[{"name":"wp","href":"https:\/\/api.w.org\/{rel}","templated":true}]}}