{"id":19129,"date":"2022-04-19T11:02:40","date_gmt":"2022-04-19T09:02:40","guid":{"rendered":"https:\/\/historiaus.usz.edu.pl\/?p=19129"},"modified":"2022-04-19T11:02:41","modified_gmt":"2022-04-19T09:02:41","slug":"dziesiaty-dzien-mozgu","status":"publish","type":"post","link":"https:\/\/historiaus.usz.edu.pl\/?p=19129","title":{"rendered":"Dziesi\u0105ty Dzie\u0144 M\u00f3zgu"},"content":{"rendered":"\n<figure class=\"wp-block-image size-full\"><a href=\"https:\/\/historiaus.usz.edu.pl\/wp-content\/uploads\/2022\/04\/KSz-05.04.2022-Nr-66-s.-11-Dzien-Mozgu.jpg\"><img loading=\"lazy\" decoding=\"async\" width=\"320\" height=\"850\" src=\"https:\/\/historiaus.usz.edu.pl\/wp-content\/uploads\/2022\/04\/KSz-05.04.2022-Nr-66-s.-11-Dzien-Mozgu.jpg\" alt=\"\" class=\"wp-image-19131\" srcset=\"https:\/\/historiaus.usz.edu.pl\/wp-content\/uploads\/2022\/04\/KSz-05.04.2022-Nr-66-s.-11-Dzien-Mozgu.jpg 320w, https:\/\/historiaus.usz.edu.pl\/wp-content\/uploads\/2022\/04\/KSz-05.04.2022-Nr-66-s.-11-Dzien-Mozgu-113x300.jpg 113w\" sizes=\"auto, (max-width: 320px) 100vw, 320px\" \/><\/a><\/figure>\n","protected":false},"excerpt":{"rendered":"","protected":false},"author":10,"featured_media":0,"comment_status":"closed","ping_status":"closed","sticky":false,"template":"","format":"standard","meta":{"footnotes":""},"categories":[4587,1484],"tags":[5267,5272,2033,131,5273,5271,2219],"subpage_bus":[48,86,5024],"class_list":["post-19129","post","type-post","status-publish","format-standard","hentry","category-instytut-psychologii-2","category-uniwersytet-szczecinski","tag-dr-hab-andrzej-potemkowski","tag-dr-hab-michal-rusinek","tag-dzien-mozgu","tag-konferencja","tag-okregowa-izba-lekarska","tag-prof-dr-hab-n-med-ewa-stachowska","tag-pum","subpage_bus-konferencje-sympozja-zjazdy","subpage_bus-sylwetki","subpage_bus-zdrowie"],"_links":{"self":[{"href":"https:\/\/historiaus.usz.edu.pl\/index.php?rest_route=\/wp\/v2\/posts\/19129","targetHints":{"allow":["GET"]}}],"collection":[{"href":"https:\/\/historiaus.usz.edu.pl\/index.php?rest_route=\/wp\/v2\/posts"}],"about":[{"href":"https:\/\/historiaus.usz.edu.pl\/index.php?rest_route=\/wp\/v2\/types\/post"}],"author":[{"embeddable":true,"href":"https:\/\/historiaus.usz.edu.pl\/index.php?rest_route=\/wp\/v2\/users\/10"}],"replies":[{"embeddable":true,"href":"https:\/\/historiaus.usz.edu.pl\/index.php?rest_route=%2Fwp%2Fv2%2Fcomments&post=19129"}],"version-history":[{"count":1,"href":"https:\/\/historiaus.usz.edu.pl\/index.php?rest_route=\/wp\/v2\/posts\/19129\/revisions"}],"predecessor-version":[{"id":19132,"href":"https:\/\/historiaus.usz.edu.pl\/index.php?rest_route=\/wp\/v2\/posts\/19129\/revisions\/19132"}],"wp:attachment":[{"href":"https:\/\/historiaus.usz.edu.pl\/index.php?rest_route=%2Fwp%2Fv2%2Fmedia&parent=19129"}],"wp:term":[{"taxonomy":"category","embeddable":true,"href":"https:\/\/historiaus.usz.edu.pl\/index.php?rest_route=%2Fwp%2Fv2%2Fcategories&post=19129"},{"taxonomy":"post_tag","embeddable":true,"href":"https:\/\/historiaus.usz.edu.pl\/index.php?rest_route=%2Fwp%2Fv2%2Ftags&post=19129"},{"taxonomy":"subpage_bus","embeddable":true,"href":"https:\/\/historiaus.usz.edu.pl\/index.php?rest_route=%2Fwp%2Fv2%2Fsubpage_bus&post=19129"}],"curies":[{"name":"wp","href":"https:\/\/api.w.org\/{rel}","templated":true}]}}