{"id":19154,"date":"2022-04-19T13:11:00","date_gmt":"2022-04-19T11:11:00","guid":{"rendered":"https:\/\/historiaus.usz.edu.pl\/?p=19154"},"modified":"2022-04-19T13:11:01","modified_gmt":"2022-04-19T11:11:01","slug":"uniwersytet-rozpoczal-wspolprace-z-osrodkiem-kultury-w-przeclawiu","status":"publish","type":"post","link":"https:\/\/historiaus.usz.edu.pl\/?p=19154","title":{"rendered":"Uniwersytet rozpocz\u0105\u0142 wsp\u00f3\u0142prac\u0119 z o\u015brodkiem kultury w Przec\u0142awiu"},"content":{"rendered":"\n<figure class=\"wp-block-image size-full\"><a href=\"https:\/\/historiaus.usz.edu.pl\/wp-content\/uploads\/2022\/04\/KSz-12.04.2022-Nr-71-s.11.jpg\"><img loading=\"lazy\" decoding=\"async\" width=\"930\" height=\"910\" src=\"https:\/\/historiaus.usz.edu.pl\/wp-content\/uploads\/2022\/04\/KSz-12.04.2022-Nr-71-s.11.jpg\" alt=\"\" class=\"wp-image-19155\" srcset=\"https:\/\/historiaus.usz.edu.pl\/wp-content\/uploads\/2022\/04\/KSz-12.04.2022-Nr-71-s.11.jpg 930w, https:\/\/historiaus.usz.edu.pl\/wp-content\/uploads\/2022\/04\/KSz-12.04.2022-Nr-71-s.11-307x300.jpg 307w, https:\/\/historiaus.usz.edu.pl\/wp-content\/uploads\/2022\/04\/KSz-12.04.2022-Nr-71-s.11-768x751.jpg 768w\" sizes=\"auto, (max-width: 930px) 100vw, 930px\" \/><\/a><\/figure>\n","protected":false},"excerpt":{"rendered":"","protected":false},"author":10,"featured_media":0,"comment_status":"closed","ping_status":"closed","sticky":false,"template":"","format":"standard","meta":{"footnotes":""},"categories":[1484],"tags":[5287,5289,5288,5085,2232,1320,136],"subpage_bus":[60,86,59],"class_list":["post-19154","post","type-post","status-publish","format-standard","hentry","category-uniwersytet-szczecinski","tag-goksir-w-przeclawiu","tag-karol-wojtyla","tag-malgorzata-schwarz","tag-nius-radio","tag-prof-andrzej-skrendo","tag-prof-dr-hab-waldemar-tarczynski","tag-wspolpraca","subpage_bus-kultura","subpage_bus-sylwetki","subpage_bus-zycie-spoleczne-i-polityczne"],"_links":{"self":[{"href":"https:\/\/historiaus.usz.edu.pl\/index.php?rest_route=\/wp\/v2\/posts\/19154","targetHints":{"allow":["GET"]}}],"collection":[{"href":"https:\/\/historiaus.usz.edu.pl\/index.php?rest_route=\/wp\/v2\/posts"}],"about":[{"href":"https:\/\/historiaus.usz.edu.pl\/index.php?rest_route=\/wp\/v2\/types\/post"}],"author":[{"embeddable":true,"href":"https:\/\/historiaus.usz.edu.pl\/index.php?rest_route=\/wp\/v2\/users\/10"}],"replies":[{"embeddable":true,"href":"https:\/\/historiaus.usz.edu.pl\/index.php?rest_route=%2Fwp%2Fv2%2Fcomments&post=19154"}],"version-history":[{"count":1,"href":"https:\/\/historiaus.usz.edu.pl\/index.php?rest_route=\/wp\/v2\/posts\/19154\/revisions"}],"predecessor-version":[{"id":19156,"href":"https:\/\/historiaus.usz.edu.pl\/index.php?rest_route=\/wp\/v2\/posts\/19154\/revisions\/19156"}],"wp:attachment":[{"href":"https:\/\/historiaus.usz.edu.pl\/index.php?rest_route=%2Fwp%2Fv2%2Fmedia&parent=19154"}],"wp:term":[{"taxonomy":"category","embeddable":true,"href":"https:\/\/historiaus.usz.edu.pl\/index.php?rest_route=%2Fwp%2Fv2%2Fcategories&post=19154"},{"taxonomy":"post_tag","embeddable":true,"href":"https:\/\/historiaus.usz.edu.pl\/index.php?rest_route=%2Fwp%2Fv2%2Ftags&post=19154"},{"taxonomy":"subpage_bus","embeddable":true,"href":"https:\/\/historiaus.usz.edu.pl\/index.php?rest_route=%2Fwp%2Fv2%2Fsubpage_bus&post=19154"}],"curies":[{"name":"wp","href":"https:\/\/api.w.org\/{rel}","templated":true}]}}