{"id":19165,"date":"2022-04-19T14:18:32","date_gmt":"2022-04-19T12:18:32","guid":{"rendered":"https:\/\/historiaus.usz.edu.pl\/?p=19165"},"modified":"2022-04-19T14:21:50","modified_gmt":"2022-04-19T12:21:50","slug":"uniwersytet-szczecinski-zaprasza-na-gielde-pracy","status":"publish","type":"post","link":"https:\/\/historiaus.usz.edu.pl\/?p=19165","title":{"rendered":"Uniwersytet Szczeci\u0144ski zaprasza na Gie\u0142d\u0119 Pracy"},"content":{"rendered":"\n<figure class=\"wp-block-image size-full\"><a href=\"https:\/\/historiaus.usz.edu.pl\/wp-content\/uploads\/2022\/04\/KSz-05.04.2022-Nr-66-s.-11-Gielda-Pracy.jpg\"><img loading=\"lazy\" decoding=\"async\" width=\"1546\" height=\"1420\" src=\"https:\/\/historiaus.usz.edu.pl\/wp-content\/uploads\/2022\/04\/KSz-05.04.2022-Nr-66-s.-11-Gielda-Pracy.jpg\" alt=\"\" class=\"wp-image-19166\" srcset=\"https:\/\/historiaus.usz.edu.pl\/wp-content\/uploads\/2022\/04\/KSz-05.04.2022-Nr-66-s.-11-Gielda-Pracy.jpg 1546w, https:\/\/historiaus.usz.edu.pl\/wp-content\/uploads\/2022\/04\/KSz-05.04.2022-Nr-66-s.-11-Gielda-Pracy-327x300.jpg 327w, https:\/\/historiaus.usz.edu.pl\/wp-content\/uploads\/2022\/04\/KSz-05.04.2022-Nr-66-s.-11-Gielda-Pracy-768x705.jpg 768w, https:\/\/historiaus.usz.edu.pl\/wp-content\/uploads\/2022\/04\/KSz-05.04.2022-Nr-66-s.-11-Gielda-Pracy-1536x1411.jpg 1536w\" sizes=\"auto, (max-width: 1546px) 100vw, 1546px\" \/><\/a><\/figure>\n","protected":false},"excerpt":{"rendered":"","protected":false},"author":10,"featured_media":0,"comment_status":"closed","ping_status":"closed","sticky":false,"template":"","format":"standard","meta":{"footnotes":""},"categories":[1484],"tags":[4658,2019,5296],"subpage_bus":[3942,114],"class_list":["post-19165","post","type-post","status-publish","format-standard","hentry","category-uniwersytet-szczecinski","tag-agnieszka-lizak","tag-gielda-pracy","tag-networking-week","subpage_bus-praca","subpage_bus-sprawy-socjalne-prace-spoleczne"],"_links":{"self":[{"href":"https:\/\/historiaus.usz.edu.pl\/index.php?rest_route=\/wp\/v2\/posts\/19165","targetHints":{"allow":["GET"]}}],"collection":[{"href":"https:\/\/historiaus.usz.edu.pl\/index.php?rest_route=\/wp\/v2\/posts"}],"about":[{"href":"https:\/\/historiaus.usz.edu.pl\/index.php?rest_route=\/wp\/v2\/types\/post"}],"author":[{"embeddable":true,"href":"https:\/\/historiaus.usz.edu.pl\/index.php?rest_route=\/wp\/v2\/users\/10"}],"replies":[{"embeddable":true,"href":"https:\/\/historiaus.usz.edu.pl\/index.php?rest_route=%2Fwp%2Fv2%2Fcomments&post=19165"}],"version-history":[{"count":1,"href":"https:\/\/historiaus.usz.edu.pl\/index.php?rest_route=\/wp\/v2\/posts\/19165\/revisions"}],"predecessor-version":[{"id":19167,"href":"https:\/\/historiaus.usz.edu.pl\/index.php?rest_route=\/wp\/v2\/posts\/19165\/revisions\/19167"}],"wp:attachment":[{"href":"https:\/\/historiaus.usz.edu.pl\/index.php?rest_route=%2Fwp%2Fv2%2Fmedia&parent=19165"}],"wp:term":[{"taxonomy":"category","embeddable":true,"href":"https:\/\/historiaus.usz.edu.pl\/index.php?rest_route=%2Fwp%2Fv2%2Fcategories&post=19165"},{"taxonomy":"post_tag","embeddable":true,"href":"https:\/\/historiaus.usz.edu.pl\/index.php?rest_route=%2Fwp%2Fv2%2Ftags&post=19165"},{"taxonomy":"subpage_bus","embeddable":true,"href":"https:\/\/historiaus.usz.edu.pl\/index.php?rest_route=%2Fwp%2Fv2%2Fsubpage_bus&post=19165"}],"curies":[{"name":"wp","href":"https:\/\/api.w.org\/{rel}","templated":true}]}}