{"id":19349,"date":"2022-05-17T16:31:23","date_gmt":"2022-05-17T14:31:23","guid":{"rendered":"https:\/\/historiaus.usz.edu.pl\/?p=19349"},"modified":"2022-05-17T16:31:24","modified_gmt":"2022-05-17T14:31:24","slug":"rekonstruuja-pamiec-o-robotnikach-przymusowych","status":"publish","type":"post","link":"https:\/\/historiaus.usz.edu.pl\/?p=19349","title":{"rendered":"Rekonstruuj\u0105 pami\u0119\u0107 o robotnikach przymusowych"},"content":{"rendered":"\n<figure class=\"wp-block-image size-full\"><a href=\"https:\/\/historiaus.usz.edu.pl\/wp-content\/uploads\/2022\/05\/KSz-17.05.2022-Nr-94-s.-2-popr..jpg\"><img loading=\"lazy\" decoding=\"async\" width=\"1536\" height=\"863\" src=\"https:\/\/historiaus.usz.edu.pl\/wp-content\/uploads\/2022\/05\/KSz-17.05.2022-Nr-94-s.-2-popr..jpg\" alt=\"\" class=\"wp-image-19350\" srcset=\"https:\/\/historiaus.usz.edu.pl\/wp-content\/uploads\/2022\/05\/KSz-17.05.2022-Nr-94-s.-2-popr..jpg 1536w, https:\/\/historiaus.usz.edu.pl\/wp-content\/uploads\/2022\/05\/KSz-17.05.2022-Nr-94-s.-2-popr.-450x253.jpg 450w, https:\/\/historiaus.usz.edu.pl\/wp-content\/uploads\/2022\/05\/KSz-17.05.2022-Nr-94-s.-2-popr.-768x432.jpg 768w\" sizes=\"auto, (max-width: 1536px) 100vw, 1536px\" \/><\/a><\/figure>\n","protected":false},"excerpt":{"rendered":"","protected":false},"author":10,"featured_media":0,"comment_status":"closed","ping_status":"closed","sticky":false,"template":"","format":"standard","meta":{"footnotes":""},"categories":[4510,1484],"tags":[5371,5367,5365,4170,5372,5368,5366,5373,5369,5370,5364,5363],"subpage_bus":[49,3785,86,56],"class_list":["post-19349","post","type-post","status-publish","format-standard","hentry","category-instytut-historii-2","category-uniwersytet-szczecinski","tag-aleksandra-krzosek","tag-centrum-dialogu-przelomy-2","tag-dr-hab-agnieszka-szudlarek","tag-dr-tomasz-slepowronski","tag-franciszek-majewski","tag-joanna-borgunska","tag-kolo-mlodych-historykow","tag-michal-tarnecki","tag-pawel-glizniewicz","tag-przemyslaw-hoehle","tag-robotnicy-przymusowi","tag-wernisaz-wystawy","subpage_bus-dzialalnosc-naukowa-i-dydaktyczna","subpage_bus-kultura-zycie-studenckie","subpage_bus-sylwetki","subpage_bus-zycie-spoleczne"],"_links":{"self":[{"href":"https:\/\/historiaus.usz.edu.pl\/index.php?rest_route=\/wp\/v2\/posts\/19349","targetHints":{"allow":["GET"]}}],"collection":[{"href":"https:\/\/historiaus.usz.edu.pl\/index.php?rest_route=\/wp\/v2\/posts"}],"about":[{"href":"https:\/\/historiaus.usz.edu.pl\/index.php?rest_route=\/wp\/v2\/types\/post"}],"author":[{"embeddable":true,"href":"https:\/\/historiaus.usz.edu.pl\/index.php?rest_route=\/wp\/v2\/users\/10"}],"replies":[{"embeddable":true,"href":"https:\/\/historiaus.usz.edu.pl\/index.php?rest_route=%2Fwp%2Fv2%2Fcomments&post=19349"}],"version-history":[{"count":1,"href":"https:\/\/historiaus.usz.edu.pl\/index.php?rest_route=\/wp\/v2\/posts\/19349\/revisions"}],"predecessor-version":[{"id":19351,"href":"https:\/\/historiaus.usz.edu.pl\/index.php?rest_route=\/wp\/v2\/posts\/19349\/revisions\/19351"}],"wp:attachment":[{"href":"https:\/\/historiaus.usz.edu.pl\/index.php?rest_route=%2Fwp%2Fv2%2Fmedia&parent=19349"}],"wp:term":[{"taxonomy":"category","embeddable":true,"href":"https:\/\/historiaus.usz.edu.pl\/index.php?rest_route=%2Fwp%2Fv2%2Fcategories&post=19349"},{"taxonomy":"post_tag","embeddable":true,"href":"https:\/\/historiaus.usz.edu.pl\/index.php?rest_route=%2Fwp%2Fv2%2Ftags&post=19349"},{"taxonomy":"subpage_bus","embeddable":true,"href":"https:\/\/historiaus.usz.edu.pl\/index.php?rest_route=%2Fwp%2Fv2%2Fsubpage_bus&post=19349"}],"curies":[{"name":"wp","href":"https:\/\/api.w.org\/{rel}","templated":true}]}}