{"id":19400,"date":"2022-05-19T12:58:38","date_gmt":"2022-05-19T10:58:38","guid":{"rendered":"https:\/\/historiaus.usz.edu.pl\/?p=19400"},"modified":"2022-05-19T12:58:39","modified_gmt":"2022-05-19T10:58:39","slug":"podkomisja-smolenska-oglosila-ostateczny-raport-2","status":"publish","type":"post","link":"https:\/\/historiaus.usz.edu.pl\/?p=19400","title":{"rendered":"Podkomisja smole\u0144ska og\u0142osi\u0142a ostateczny raport"},"content":{"rendered":"\n<figure class=\"wp-block-image size-full\"><a href=\"https:\/\/historiaus.usz.edu.pl\/wp-content\/uploads\/2022\/05\/KSz-12.04.2022-Nr-71-s.-4-1.jpg\"><img loading=\"lazy\" decoding=\"async\" width=\"1540\" height=\"836\" src=\"https:\/\/historiaus.usz.edu.pl\/wp-content\/uploads\/2022\/05\/KSz-12.04.2022-Nr-71-s.-4-1.jpg\" alt=\"\" class=\"wp-image-19401\" srcset=\"https:\/\/historiaus.usz.edu.pl\/wp-content\/uploads\/2022\/05\/KSz-12.04.2022-Nr-71-s.-4-1.jpg 1540w, https:\/\/historiaus.usz.edu.pl\/wp-content\/uploads\/2022\/05\/KSz-12.04.2022-Nr-71-s.-4-1-450x244.jpg 450w, https:\/\/historiaus.usz.edu.pl\/wp-content\/uploads\/2022\/05\/KSz-12.04.2022-Nr-71-s.-4-1-768x417.jpg 768w, https:\/\/historiaus.usz.edu.pl\/wp-content\/uploads\/2022\/05\/KSz-12.04.2022-Nr-71-s.-4-1-1536x834.jpg 1536w\" sizes=\"auto, (max-width: 1540px) 100vw, 1540px\" \/><\/a><\/figure>\n","protected":false},"excerpt":{"rendered":"","protected":false},"author":10,"featured_media":0,"comment_status":"closed","ping_status":"closed","sticky":false,"template":"","format":"standard","meta":{"footnotes":""},"categories":[1484],"tags":[5381,5395,3058],"subpage_bus":[2816,86,57,59],"class_list":["post-19400","post","type-post","status-publish","format-standard","hentry","category-uniwersytet-szczecinski","tag-dr-arkadiusz-marchewka","tag-katastrofa-smolenska","tag-raport","subpage_bus-absolwenci","subpage_bus-sylwetki","subpage_bus-wypowiedzi-ogolne","subpage_bus-zycie-spoleczne-i-polityczne"],"_links":{"self":[{"href":"https:\/\/historiaus.usz.edu.pl\/index.php?rest_route=\/wp\/v2\/posts\/19400","targetHints":{"allow":["GET"]}}],"collection":[{"href":"https:\/\/historiaus.usz.edu.pl\/index.php?rest_route=\/wp\/v2\/posts"}],"about":[{"href":"https:\/\/historiaus.usz.edu.pl\/index.php?rest_route=\/wp\/v2\/types\/post"}],"author":[{"embeddable":true,"href":"https:\/\/historiaus.usz.edu.pl\/index.php?rest_route=\/wp\/v2\/users\/10"}],"replies":[{"embeddable":true,"href":"https:\/\/historiaus.usz.edu.pl\/index.php?rest_route=%2Fwp%2Fv2%2Fcomments&post=19400"}],"version-history":[{"count":1,"href":"https:\/\/historiaus.usz.edu.pl\/index.php?rest_route=\/wp\/v2\/posts\/19400\/revisions"}],"predecessor-version":[{"id":19402,"href":"https:\/\/historiaus.usz.edu.pl\/index.php?rest_route=\/wp\/v2\/posts\/19400\/revisions\/19402"}],"wp:attachment":[{"href":"https:\/\/historiaus.usz.edu.pl\/index.php?rest_route=%2Fwp%2Fv2%2Fmedia&parent=19400"}],"wp:term":[{"taxonomy":"category","embeddable":true,"href":"https:\/\/historiaus.usz.edu.pl\/index.php?rest_route=%2Fwp%2Fv2%2Fcategories&post=19400"},{"taxonomy":"post_tag","embeddable":true,"href":"https:\/\/historiaus.usz.edu.pl\/index.php?rest_route=%2Fwp%2Fv2%2Ftags&post=19400"},{"taxonomy":"subpage_bus","embeddable":true,"href":"https:\/\/historiaus.usz.edu.pl\/index.php?rest_route=%2Fwp%2Fv2%2Fsubpage_bus&post=19400"}],"curies":[{"name":"wp","href":"https:\/\/api.w.org\/{rel}","templated":true}]}}