{"id":19409,"date":"2022-05-20T14:48:47","date_gmt":"2022-05-20T12:48:47","guid":{"rendered":"https:\/\/historiaus.usz.edu.pl\/?p=19409"},"modified":"2022-05-20T15:26:19","modified_gmt":"2022-05-20T13:26:19","slug":"koszalinski-100-tysiecznik-traci-ludzi-wiec-zamierza-polknac-sasiadow-slupsk-dusi-sie-i-krztusi-w-swoich-granicach-chce-zabrac-kilka-solectw","status":"publish","type":"post","link":"https:\/\/historiaus.usz.edu.pl\/?p=19409","title":{"rendered":"Koszali\u0144ski 100-tysi\u0119cznik traci ludzi, wi\u0119c zamierza po\u0142kn\u0105\u0107 s\u0105siad\u00f3w. S\u0142upsk dusi si\u0119 i krztusi w swoich granicach. Chce zabra\u0107 kilka so\u0142ectw"},"content":{"rendered":"\n<figure class=\"wp-block-image size-full\"><a href=\"https:\/\/historiaus.usz.edu.pl\/wp-content\/uploads\/2022\/05\/GSz-20.05.2022-nr-116-s.-16-17-scaled.jpg\"><img loading=\"lazy\" decoding=\"async\" width=\"2560\" height=\"1532\" src=\"https:\/\/historiaus.usz.edu.pl\/wp-content\/uploads\/2022\/05\/GSz-20.05.2022-nr-116-s.-16-17-scaled.jpg\" alt=\"\" class=\"wp-image-19410\" srcset=\"https:\/\/historiaus.usz.edu.pl\/wp-content\/uploads\/2022\/05\/GSz-20.05.2022-nr-116-s.-16-17-scaled.jpg 2560w, https:\/\/historiaus.usz.edu.pl\/wp-content\/uploads\/2022\/05\/GSz-20.05.2022-nr-116-s.-16-17-450x269.jpg 450w, https:\/\/historiaus.usz.edu.pl\/wp-content\/uploads\/2022\/05\/GSz-20.05.2022-nr-116-s.-16-17-768x460.jpg 768w, https:\/\/historiaus.usz.edu.pl\/wp-content\/uploads\/2022\/05\/GSz-20.05.2022-nr-116-s.-16-17-1536x919.jpg 1536w, https:\/\/historiaus.usz.edu.pl\/wp-content\/uploads\/2022\/05\/GSz-20.05.2022-nr-116-s.-16-17-2048x1226.jpg 2048w\" sizes=\"auto, (max-width: 2560px) 100vw, 2560px\" \/><\/a><\/figure>\n","protected":false},"excerpt":{"rendered":"","protected":false},"author":10,"featured_media":0,"comment_status":"closed","ping_status":"closed","sticky":false,"template":"","format":"standard","meta":{"footnotes":""},"categories":[1484,102],"tags":[317,5399,2451,5400],"subpage_bus":[86,343,59],"class_list":["post-19409","post","type-post","status-publish","format-standard","hentry","category-uniwersytet-szczecinski","category-wydzial-prawa-i-administracji","tag-koszalin","tag-powiekszenie-slupska","tag-prof-dr-hab-andrzej-balaban","tag-zmiana-granic","subpage_bus-sylwetki","subpage_bus-wywiad","subpage_bus-zycie-spoleczne-i-polityczne"],"_links":{"self":[{"href":"https:\/\/historiaus.usz.edu.pl\/index.php?rest_route=\/wp\/v2\/posts\/19409","targetHints":{"allow":["GET"]}}],"collection":[{"href":"https:\/\/historiaus.usz.edu.pl\/index.php?rest_route=\/wp\/v2\/posts"}],"about":[{"href":"https:\/\/historiaus.usz.edu.pl\/index.php?rest_route=\/wp\/v2\/types\/post"}],"author":[{"embeddable":true,"href":"https:\/\/historiaus.usz.edu.pl\/index.php?rest_route=\/wp\/v2\/users\/10"}],"replies":[{"embeddable":true,"href":"https:\/\/historiaus.usz.edu.pl\/index.php?rest_route=%2Fwp%2Fv2%2Fcomments&post=19409"}],"version-history":[{"count":1,"href":"https:\/\/historiaus.usz.edu.pl\/index.php?rest_route=\/wp\/v2\/posts\/19409\/revisions"}],"predecessor-version":[{"id":19411,"href":"https:\/\/historiaus.usz.edu.pl\/index.php?rest_route=\/wp\/v2\/posts\/19409\/revisions\/19411"}],"wp:attachment":[{"href":"https:\/\/historiaus.usz.edu.pl\/index.php?rest_route=%2Fwp%2Fv2%2Fmedia&parent=19409"}],"wp:term":[{"taxonomy":"category","embeddable":true,"href":"https:\/\/historiaus.usz.edu.pl\/index.php?rest_route=%2Fwp%2Fv2%2Fcategories&post=19409"},{"taxonomy":"post_tag","embeddable":true,"href":"https:\/\/historiaus.usz.edu.pl\/index.php?rest_route=%2Fwp%2Fv2%2Ftags&post=19409"},{"taxonomy":"subpage_bus","embeddable":true,"href":"https:\/\/historiaus.usz.edu.pl\/index.php?rest_route=%2Fwp%2Fv2%2Fsubpage_bus&post=19409"}],"curies":[{"name":"wp","href":"https:\/\/api.w.org\/{rel}","templated":true}]}}