{"id":19492,"date":"2022-05-27T14:55:17","date_gmt":"2022-05-27T12:55:17","guid":{"rendered":"https:\/\/historiaus.usz.edu.pl\/?p=19492"},"modified":"2022-05-27T14:55:18","modified_gmt":"2022-05-27T12:55:18","slug":"to-mial-byc-park-narodowy-ale-lasy-panstwowe-zamieniaja-puszcze-w-zwykly-las-gospodarczy","status":"publish","type":"post","link":"https:\/\/historiaus.usz.edu.pl\/?p=19492","title":{"rendered":"To mia\u0142 by\u0107 park narodowy, ale Lasy Pa\u0144stwowe zamieniaj\u0105 puszcz\u0119 w zwyk\u0142y las gospodarczy"},"content":{"rendered":"\n<figure class=\"wp-block-image size-full\"><a href=\"https:\/\/historiaus.usz.edu.pl\/wp-content\/uploads\/2022\/05\/GW-1-IV-2022-s.6-To-mial...-scaled.jpg\"><img loading=\"lazy\" decoding=\"async\" width=\"1765\" height=\"2560\" src=\"https:\/\/historiaus.usz.edu.pl\/wp-content\/uploads\/2022\/05\/GW-1-IV-2022-s.6-To-mial...-scaled.jpg\" alt=\"\" class=\"wp-image-19493\" srcset=\"https:\/\/historiaus.usz.edu.pl\/wp-content\/uploads\/2022\/05\/GW-1-IV-2022-s.6-To-mial...-scaled.jpg 1765w, https:\/\/historiaus.usz.edu.pl\/wp-content\/uploads\/2022\/05\/GW-1-IV-2022-s.6-To-mial...-207x300.jpg 207w, https:\/\/historiaus.usz.edu.pl\/wp-content\/uploads\/2022\/05\/GW-1-IV-2022-s.6-To-mial...-768x1114.jpg 768w, https:\/\/historiaus.usz.edu.pl\/wp-content\/uploads\/2022\/05\/GW-1-IV-2022-s.6-To-mial...-1059x1536.jpg 1059w, https:\/\/historiaus.usz.edu.pl\/wp-content\/uploads\/2022\/05\/GW-1-IV-2022-s.6-To-mial...-1412x2048.jpg 1412w\" sizes=\"auto, (max-width: 1765px) 100vw, 1765px\" \/><\/a><\/figure>\n\n\n\n<figure class=\"wp-block-image size-full\"><a href=\"https:\/\/historiaus.usz.edu.pl\/wp-content\/uploads\/2022\/05\/GW1-IV-2022-s.7-ale-Lasy...-scaled.jpg\"><img loading=\"lazy\" decoding=\"async\" width=\"1850\" height=\"2560\" src=\"https:\/\/historiaus.usz.edu.pl\/wp-content\/uploads\/2022\/05\/GW1-IV-2022-s.7-ale-Lasy...-scaled.jpg\" alt=\"\" class=\"wp-image-19494\" srcset=\"https:\/\/historiaus.usz.edu.pl\/wp-content\/uploads\/2022\/05\/GW1-IV-2022-s.7-ale-Lasy...-scaled.jpg 1850w, https:\/\/historiaus.usz.edu.pl\/wp-content\/uploads\/2022\/05\/GW1-IV-2022-s.7-ale-Lasy...-217x300.jpg 217w, https:\/\/historiaus.usz.edu.pl\/wp-content\/uploads\/2022\/05\/GW1-IV-2022-s.7-ale-Lasy...-768x1063.jpg 768w, https:\/\/historiaus.usz.edu.pl\/wp-content\/uploads\/2022\/05\/GW1-IV-2022-s.7-ale-Lasy...-1110x1536.jpg 1110w, https:\/\/historiaus.usz.edu.pl\/wp-content\/uploads\/2022\/05\/GW1-IV-2022-s.7-ale-Lasy...-1480x2048.jpg 1480w\" sizes=\"auto, (max-width: 1850px) 100vw, 1850px\" \/><\/a><\/figure>\n","protected":false},"excerpt":{"rendered":"","protected":false},"author":10,"featured_media":0,"comment_status":"closed","ping_status":"closed","sticky":false,"template":"","format":"standard","meta":{"footnotes":""},"categories":[5432,1484],"tags":[5434,5433,5431,4054],"subpage_bus":[3157,86],"class_list":["post-19492","post","type-post","status-publish","format-standard","hentry","category-instytut-nauk-o-morzu-i-srodowisku-wydzial-nauk-scislych-i-przyrodniczych","category-uniwersytet-szczecinski","tag-andrzej-krasnicki-jr","tag-arkadiusz-marchewka","tag-dr-hab-inz-agnieszka-szlauer-lukaszewska","tag-puszcza-bukowa","subpage_bus-ekologia-i-ochrona-srodowiska","subpage_bus-sylwetki"],"_links":{"self":[{"href":"https:\/\/historiaus.usz.edu.pl\/index.php?rest_route=\/wp\/v2\/posts\/19492","targetHints":{"allow":["GET"]}}],"collection":[{"href":"https:\/\/historiaus.usz.edu.pl\/index.php?rest_route=\/wp\/v2\/posts"}],"about":[{"href":"https:\/\/historiaus.usz.edu.pl\/index.php?rest_route=\/wp\/v2\/types\/post"}],"author":[{"embeddable":true,"href":"https:\/\/historiaus.usz.edu.pl\/index.php?rest_route=\/wp\/v2\/users\/10"}],"replies":[{"embeddable":true,"href":"https:\/\/historiaus.usz.edu.pl\/index.php?rest_route=%2Fwp%2Fv2%2Fcomments&post=19492"}],"version-history":[{"count":1,"href":"https:\/\/historiaus.usz.edu.pl\/index.php?rest_route=\/wp\/v2\/posts\/19492\/revisions"}],"predecessor-version":[{"id":19495,"href":"https:\/\/historiaus.usz.edu.pl\/index.php?rest_route=\/wp\/v2\/posts\/19492\/revisions\/19495"}],"wp:attachment":[{"href":"https:\/\/historiaus.usz.edu.pl\/index.php?rest_route=%2Fwp%2Fv2%2Fmedia&parent=19492"}],"wp:term":[{"taxonomy":"category","embeddable":true,"href":"https:\/\/historiaus.usz.edu.pl\/index.php?rest_route=%2Fwp%2Fv2%2Fcategories&post=19492"},{"taxonomy":"post_tag","embeddable":true,"href":"https:\/\/historiaus.usz.edu.pl\/index.php?rest_route=%2Fwp%2Fv2%2Ftags&post=19492"},{"taxonomy":"subpage_bus","embeddable":true,"href":"https:\/\/historiaus.usz.edu.pl\/index.php?rest_route=%2Fwp%2Fv2%2Fsubpage_bus&post=19492"}],"curies":[{"name":"wp","href":"https:\/\/api.w.org\/{rel}","templated":true}]}}