{"id":19539,"date":"2022-06-07T14:05:32","date_gmt":"2022-06-07T12:05:32","guid":{"rendered":"https:\/\/historiaus.usz.edu.pl\/?p=19539"},"modified":"2022-06-07T14:06:26","modified_gmt":"2022-06-07T12:06:26","slug":"co-wiemy-o-pis-dzieki-oswiadczeniom-majatkowym","status":"publish","type":"post","link":"https:\/\/historiaus.usz.edu.pl\/?p=19539","title":{"rendered":"Co wiemy o PIS dzi\u0119ki o\u015bwiadczeniom maj\u0105tkowym"},"content":{"rendered":"\n<figure class=\"wp-block-image size-full\"><a href=\"https:\/\/historiaus.usz.edu.pl\/wp-content\/uploads\/2022\/06\/GW-3.06.2022-Nr-129-s.2-osw.maj_..jpg\"><img loading=\"lazy\" decoding=\"async\" width=\"634\" height=\"1550\" src=\"https:\/\/historiaus.usz.edu.pl\/wp-content\/uploads\/2022\/06\/GW-3.06.2022-Nr-129-s.2-osw.maj_..jpg\" alt=\"\" class=\"wp-image-19541\" srcset=\"https:\/\/historiaus.usz.edu.pl\/wp-content\/uploads\/2022\/06\/GW-3.06.2022-Nr-129-s.2-osw.maj_..jpg 634w, https:\/\/historiaus.usz.edu.pl\/wp-content\/uploads\/2022\/06\/GW-3.06.2022-Nr-129-s.2-osw.maj_.-123x300.jpg 123w, https:\/\/historiaus.usz.edu.pl\/wp-content\/uploads\/2022\/06\/GW-3.06.2022-Nr-129-s.2-osw.maj_.-628x1536.jpg 628w\" sizes=\"auto, (max-width: 634px) 100vw, 634px\" \/><\/a><\/figure>\n","protected":false},"excerpt":{"rendered":"","protected":false},"author":10,"featured_media":0,"comment_status":"closed","ping_status":"closed","sticky":false,"template":"","format":"standard","meta":{"footnotes":""},"categories":[1484],"tags":[5452,5405,5453,5441],"subpage_bus":[2816,3761,86],"class_list":["post-19539","post","type-post","status-publish","format-standard","hentry","category-uniwersytet-szczecinski","tag-mgr-agnieszka-kurzawa","tag-mgr-dariusz-matecki","tag-mgr-rafal-niburski","tag-oswiadczenia-majatkowe","subpage_bus-absolwenci","subpage_bus-polityka","subpage_bus-sylwetki"],"_links":{"self":[{"href":"https:\/\/historiaus.usz.edu.pl\/index.php?rest_route=\/wp\/v2\/posts\/19539","targetHints":{"allow":["GET"]}}],"collection":[{"href":"https:\/\/historiaus.usz.edu.pl\/index.php?rest_route=\/wp\/v2\/posts"}],"about":[{"href":"https:\/\/historiaus.usz.edu.pl\/index.php?rest_route=\/wp\/v2\/types\/post"}],"author":[{"embeddable":true,"href":"https:\/\/historiaus.usz.edu.pl\/index.php?rest_route=\/wp\/v2\/users\/10"}],"replies":[{"embeddable":true,"href":"https:\/\/historiaus.usz.edu.pl\/index.php?rest_route=%2Fwp%2Fv2%2Fcomments&post=19539"}],"version-history":[{"count":2,"href":"https:\/\/historiaus.usz.edu.pl\/index.php?rest_route=\/wp\/v2\/posts\/19539\/revisions"}],"predecessor-version":[{"id":19543,"href":"https:\/\/historiaus.usz.edu.pl\/index.php?rest_route=\/wp\/v2\/posts\/19539\/revisions\/19543"}],"wp:attachment":[{"href":"https:\/\/historiaus.usz.edu.pl\/index.php?rest_route=%2Fwp%2Fv2%2Fmedia&parent=19539"}],"wp:term":[{"taxonomy":"category","embeddable":true,"href":"https:\/\/historiaus.usz.edu.pl\/index.php?rest_route=%2Fwp%2Fv2%2Fcategories&post=19539"},{"taxonomy":"post_tag","embeddable":true,"href":"https:\/\/historiaus.usz.edu.pl\/index.php?rest_route=%2Fwp%2Fv2%2Ftags&post=19539"},{"taxonomy":"subpage_bus","embeddable":true,"href":"https:\/\/historiaus.usz.edu.pl\/index.php?rest_route=%2Fwp%2Fv2%2Fsubpage_bus&post=19539"}],"curies":[{"name":"wp","href":"https:\/\/api.w.org\/{rel}","templated":true}]}}