{"id":19550,"date":"2022-06-08T18:51:10","date_gmt":"2022-06-08T16:51:10","guid":{"rendered":"https:\/\/historiaus.usz.edu.pl\/?p=19550"},"modified":"2022-06-08T18:51:11","modified_gmt":"2022-06-08T16:51:11","slug":"uniwersytet-szczecinski-rozpoczal-rekrutacje-na-studia-i-i-ii-stopnia","status":"publish","type":"post","link":"https:\/\/historiaus.usz.edu.pl\/?p=19550","title":{"rendered":"Uniwersytet Szczeci\u0144ski rozpocz\u0105\u0142 rekrutacj\u0119 na studia I i II stopnia"},"content":{"rendered":"\n<figure class=\"wp-block-image size-full\"><a href=\"https:\/\/historiaus.usz.edu.pl\/wp-content\/uploads\/2022\/06\/GSz-8.06.2022-Nr-132-s.1-.jpg\"><img loading=\"lazy\" decoding=\"async\" width=\"319\" height=\"241\" src=\"https:\/\/historiaus.usz.edu.pl\/wp-content\/uploads\/2022\/06\/GSz-8.06.2022-Nr-132-s.1-.jpg\" alt=\"\" class=\"wp-image-19551\"\/><\/a><\/figure>\n\n\n\n<figure class=\"wp-block-image size-full\"><a href=\"https:\/\/historiaus.usz.edu.pl\/wp-content\/uploads\/2022\/06\/GSz-8.06.2022-Nr-132-s.5.jpg\"><img loading=\"lazy\" decoding=\"async\" width=\"550\" height=\"977\" src=\"https:\/\/historiaus.usz.edu.pl\/wp-content\/uploads\/2022\/06\/GSz-8.06.2022-Nr-132-s.5.jpg\" alt=\"\" class=\"wp-image-19552\" srcset=\"https:\/\/historiaus.usz.edu.pl\/wp-content\/uploads\/2022\/06\/GSz-8.06.2022-Nr-132-s.5.jpg 550w, https:\/\/historiaus.usz.edu.pl\/wp-content\/uploads\/2022\/06\/GSz-8.06.2022-Nr-132-s.5-169x300.jpg 169w\" sizes=\"auto, (max-width: 550px) 100vw, 550px\" \/><\/a><\/figure>\n","protected":false},"excerpt":{"rendered":"","protected":false},"author":10,"featured_media":0,"comment_status":"closed","ping_status":"closed","sticky":false,"template":"","format":"standard","meta":{"footnotes":""},"categories":[1484],"tags":[1320,137],"subpage_bus":[54,3881],"class_list":["post-19550","post","type-post","status-publish","format-standard","hentry","category-uniwersytet-szczecinski","tag-prof-dr-hab-waldemar-tarczynski","tag-rekrutacja","subpage_bus-nabor-na-studia-nowe-kierunki-ksztalcenia","subpage_bus-nauka-zycie-studenckie"],"_links":{"self":[{"href":"https:\/\/historiaus.usz.edu.pl\/index.php?rest_route=\/wp\/v2\/posts\/19550","targetHints":{"allow":["GET"]}}],"collection":[{"href":"https:\/\/historiaus.usz.edu.pl\/index.php?rest_route=\/wp\/v2\/posts"}],"about":[{"href":"https:\/\/historiaus.usz.edu.pl\/index.php?rest_route=\/wp\/v2\/types\/post"}],"author":[{"embeddable":true,"href":"https:\/\/historiaus.usz.edu.pl\/index.php?rest_route=\/wp\/v2\/users\/10"}],"replies":[{"embeddable":true,"href":"https:\/\/historiaus.usz.edu.pl\/index.php?rest_route=%2Fwp%2Fv2%2Fcomments&post=19550"}],"version-history":[{"count":1,"href":"https:\/\/historiaus.usz.edu.pl\/index.php?rest_route=\/wp\/v2\/posts\/19550\/revisions"}],"predecessor-version":[{"id":19553,"href":"https:\/\/historiaus.usz.edu.pl\/index.php?rest_route=\/wp\/v2\/posts\/19550\/revisions\/19553"}],"wp:attachment":[{"href":"https:\/\/historiaus.usz.edu.pl\/index.php?rest_route=%2Fwp%2Fv2%2Fmedia&parent=19550"}],"wp:term":[{"taxonomy":"category","embeddable":true,"href":"https:\/\/historiaus.usz.edu.pl\/index.php?rest_route=%2Fwp%2Fv2%2Fcategories&post=19550"},{"taxonomy":"post_tag","embeddable":true,"href":"https:\/\/historiaus.usz.edu.pl\/index.php?rest_route=%2Fwp%2Fv2%2Ftags&post=19550"},{"taxonomy":"subpage_bus","embeddable":true,"href":"https:\/\/historiaus.usz.edu.pl\/index.php?rest_route=%2Fwp%2Fv2%2Fsubpage_bus&post=19550"}],"curies":[{"name":"wp","href":"https:\/\/api.w.org\/{rel}","templated":true}]}}