{"id":19669,"date":"2022-07-12T14:44:11","date_gmt":"2022-07-12T12:44:11","guid":{"rendered":"https:\/\/historiaus.usz.edu.pl\/?p=19669"},"modified":"2022-07-12T14:44:12","modified_gmt":"2022-07-12T12:44:12","slug":"co-dalej-z-dawna-willa-grunebergow","status":"publish","type":"post","link":"https:\/\/historiaus.usz.edu.pl\/?p=19669","title":{"rendered":"Co dalej z dawn\u0105 will\u0105 Gr\u00fcneberg\u00f3w?"},"content":{"rendered":"\n<figure class=\"wp-block-image size-full\"><a href=\"https:\/\/historiaus.usz.edu.pl\/wp-content\/uploads\/2022\/07\/KSz-22.06.2022-Nr-119-s.-4.jpg\"><img loading=\"lazy\" decoding=\"async\" width=\"1582\" height=\"1585\" src=\"https:\/\/historiaus.usz.edu.pl\/wp-content\/uploads\/2022\/07\/KSz-22.06.2022-Nr-119-s.-4.jpg\" alt=\"\" class=\"wp-image-19670\" srcset=\"https:\/\/historiaus.usz.edu.pl\/wp-content\/uploads\/2022\/07\/KSz-22.06.2022-Nr-119-s.-4.jpg 1582w, https:\/\/historiaus.usz.edu.pl\/wp-content\/uploads\/2022\/07\/KSz-22.06.2022-Nr-119-s.-4-299x300.jpg 299w, https:\/\/historiaus.usz.edu.pl\/wp-content\/uploads\/2022\/07\/KSz-22.06.2022-Nr-119-s.-4-150x150.jpg 150w, https:\/\/historiaus.usz.edu.pl\/wp-content\/uploads\/2022\/07\/KSz-22.06.2022-Nr-119-s.-4-768x769.jpg 768w, https:\/\/historiaus.usz.edu.pl\/wp-content\/uploads\/2022\/07\/KSz-22.06.2022-Nr-119-s.-4-1533x1536.jpg 1533w\" sizes=\"auto, (max-width: 1582px) 100vw, 1582px\" \/><\/a><\/figure>\n","protected":false},"excerpt":{"rendered":"","protected":false},"author":10,"featured_media":0,"comment_status":"closed","ping_status":"closed","sticky":false,"template":"","format":"standard","meta":{"footnotes":""},"categories":[1484],"tags":[5405,5475,163],"subpage_bus":[2816,60,86],"class_list":["post-19669","post","type-post","status-publish","format-standard","hentry","category-uniwersytet-szczecinski","tag-mgr-dariusz-matecki","tag-willa-grunebergow","tag-zabytek","subpage_bus-absolwenci","subpage_bus-kultura","subpage_bus-sylwetki"],"_links":{"self":[{"href":"https:\/\/historiaus.usz.edu.pl\/index.php?rest_route=\/wp\/v2\/posts\/19669","targetHints":{"allow":["GET"]}}],"collection":[{"href":"https:\/\/historiaus.usz.edu.pl\/index.php?rest_route=\/wp\/v2\/posts"}],"about":[{"href":"https:\/\/historiaus.usz.edu.pl\/index.php?rest_route=\/wp\/v2\/types\/post"}],"author":[{"embeddable":true,"href":"https:\/\/historiaus.usz.edu.pl\/index.php?rest_route=\/wp\/v2\/users\/10"}],"replies":[{"embeddable":true,"href":"https:\/\/historiaus.usz.edu.pl\/index.php?rest_route=%2Fwp%2Fv2%2Fcomments&post=19669"}],"version-history":[{"count":1,"href":"https:\/\/historiaus.usz.edu.pl\/index.php?rest_route=\/wp\/v2\/posts\/19669\/revisions"}],"predecessor-version":[{"id":19671,"href":"https:\/\/historiaus.usz.edu.pl\/index.php?rest_route=\/wp\/v2\/posts\/19669\/revisions\/19671"}],"wp:attachment":[{"href":"https:\/\/historiaus.usz.edu.pl\/index.php?rest_route=%2Fwp%2Fv2%2Fmedia&parent=19669"}],"wp:term":[{"taxonomy":"category","embeddable":true,"href":"https:\/\/historiaus.usz.edu.pl\/index.php?rest_route=%2Fwp%2Fv2%2Fcategories&post=19669"},{"taxonomy":"post_tag","embeddable":true,"href":"https:\/\/historiaus.usz.edu.pl\/index.php?rest_route=%2Fwp%2Fv2%2Ftags&post=19669"},{"taxonomy":"subpage_bus","embeddable":true,"href":"https:\/\/historiaus.usz.edu.pl\/index.php?rest_route=%2Fwp%2Fv2%2Fsubpage_bus&post=19669"}],"curies":[{"name":"wp","href":"https:\/\/api.w.org\/{rel}","templated":true}]}}