{"id":19814,"date":"2022-07-19T12:44:21","date_gmt":"2022-07-19T10:44:21","guid":{"rendered":"https:\/\/historiaus.usz.edu.pl\/?p=19814"},"modified":"2022-07-19T12:44:22","modified_gmt":"2022-07-19T10:44:22","slug":"willa-gruneberga-bylismy-w-srodku-dziesiec-lat-po-wywlaszczeniu-i-osiem-lat-po-przesunieciu","status":"publish","type":"post","link":"https:\/\/historiaus.usz.edu.pl\/?p=19814","title":{"rendered":"Willa Gr\u00fcneberga. Byli\u015bmy w \u015brodku dziesi\u0119\u0107 lat po wyw\u0142aszczeniu i osiem lat po przesuni\u0119ciu"},"content":{"rendered":"\n<figure class=\"wp-block-image size-full\"><a href=\"https:\/\/historiaus.usz.edu.pl\/wp-content\/uploads\/2022\/07\/GSz-22.06.2022-Nr-143-s.-4.jpg\"><img loading=\"lazy\" decoding=\"async\" width=\"1612\" height=\"1035\" src=\"https:\/\/historiaus.usz.edu.pl\/wp-content\/uploads\/2022\/07\/GSz-22.06.2022-Nr-143-s.-4.jpg\" alt=\"\" class=\"wp-image-19815\" srcset=\"https:\/\/historiaus.usz.edu.pl\/wp-content\/uploads\/2022\/07\/GSz-22.06.2022-Nr-143-s.-4.jpg 1612w, https:\/\/historiaus.usz.edu.pl\/wp-content\/uploads\/2022\/07\/GSz-22.06.2022-Nr-143-s.-4-450x289.jpg 450w, https:\/\/historiaus.usz.edu.pl\/wp-content\/uploads\/2022\/07\/GSz-22.06.2022-Nr-143-s.-4-768x493.jpg 768w, https:\/\/historiaus.usz.edu.pl\/wp-content\/uploads\/2022\/07\/GSz-22.06.2022-Nr-143-s.-4-1536x986.jpg 1536w\" sizes=\"auto, (max-width: 1612px) 100vw, 1612px\" \/><\/a><\/figure>\n","protected":false},"excerpt":{"rendered":"","protected":false},"author":10,"featured_media":0,"comment_status":"closed","ping_status":"closed","sticky":false,"template":"","format":"standard","meta":{"footnotes":""},"categories":[1484],"tags":[5518,5516,5517,163],"subpage_bus":[60,3457],"class_list":["post-19814","post","type-post","status-publish","format-standard","hentry","category-uniwersytet-szczecinski","tag-dariusz-matecki","tag-mariusz-lojko","tag-willa-gruneberga","tag-zabytek","subpage_bus-kultura","subpage_bus-prawo"],"_links":{"self":[{"href":"https:\/\/historiaus.usz.edu.pl\/index.php?rest_route=\/wp\/v2\/posts\/19814","targetHints":{"allow":["GET"]}}],"collection":[{"href":"https:\/\/historiaus.usz.edu.pl\/index.php?rest_route=\/wp\/v2\/posts"}],"about":[{"href":"https:\/\/historiaus.usz.edu.pl\/index.php?rest_route=\/wp\/v2\/types\/post"}],"author":[{"embeddable":true,"href":"https:\/\/historiaus.usz.edu.pl\/index.php?rest_route=\/wp\/v2\/users\/10"}],"replies":[{"embeddable":true,"href":"https:\/\/historiaus.usz.edu.pl\/index.php?rest_route=%2Fwp%2Fv2%2Fcomments&post=19814"}],"version-history":[{"count":1,"href":"https:\/\/historiaus.usz.edu.pl\/index.php?rest_route=\/wp\/v2\/posts\/19814\/revisions"}],"predecessor-version":[{"id":19816,"href":"https:\/\/historiaus.usz.edu.pl\/index.php?rest_route=\/wp\/v2\/posts\/19814\/revisions\/19816"}],"wp:attachment":[{"href":"https:\/\/historiaus.usz.edu.pl\/index.php?rest_route=%2Fwp%2Fv2%2Fmedia&parent=19814"}],"wp:term":[{"taxonomy":"category","embeddable":true,"href":"https:\/\/historiaus.usz.edu.pl\/index.php?rest_route=%2Fwp%2Fv2%2Fcategories&post=19814"},{"taxonomy":"post_tag","embeddable":true,"href":"https:\/\/historiaus.usz.edu.pl\/index.php?rest_route=%2Fwp%2Fv2%2Ftags&post=19814"},{"taxonomy":"subpage_bus","embeddable":true,"href":"https:\/\/historiaus.usz.edu.pl\/index.php?rest_route=%2Fwp%2Fv2%2Fsubpage_bus&post=19814"}],"curies":[{"name":"wp","href":"https:\/\/api.w.org\/{rel}","templated":true}]}}