{"id":19853,"date":"2022-07-20T10:32:53","date_gmt":"2022-07-20T08:32:53","guid":{"rendered":"https:\/\/historiaus.usz.edu.pl\/?p=19853"},"modified":"2022-07-20T10:32:55","modified_gmt":"2022-07-20T08:32:55","slug":"us-zaprezentowal-radiowa-aplikacje","status":"publish","type":"post","link":"https:\/\/historiaus.usz.edu.pl\/?p=19853","title":{"rendered":"US zaprezentowa\u0142 radiow\u0105 aplikacj\u0119"},"content":{"rendered":"\n<figure class=\"wp-block-image size-full\"><a href=\"https:\/\/historiaus.usz.edu.pl\/wp-content\/uploads\/2022\/07\/KSz-12.07.2022-Nr-133-s.-5-NiUS-1.jpg\"><img loading=\"lazy\" decoding=\"async\" width=\"610\" height=\"1488\" src=\"https:\/\/historiaus.usz.edu.pl\/wp-content\/uploads\/2022\/07\/KSz-12.07.2022-Nr-133-s.-5-NiUS-1.jpg\" alt=\"\" class=\"wp-image-19855\" srcset=\"https:\/\/historiaus.usz.edu.pl\/wp-content\/uploads\/2022\/07\/KSz-12.07.2022-Nr-133-s.-5-NiUS-1.jpg 610w, https:\/\/historiaus.usz.edu.pl\/wp-content\/uploads\/2022\/07\/KSz-12.07.2022-Nr-133-s.-5-NiUS-1-123x300.jpg 123w\" sizes=\"auto, (max-width: 610px) 100vw, 610px\" \/><\/a><\/figure>\n","protected":false},"excerpt":{"rendered":"","protected":false},"author":10,"featured_media":0,"comment_status":"closed","ping_status":"closed","sticky":false,"template":"","format":"standard","meta":{"footnotes":""},"categories":[1484],"tags":[4652,5044,5085,1324,5537],"subpage_bus":[60,62,86],"class_list":["post-19853","post","type-post","status-publish","format-standard","hentry","category-uniwersytet-szczecinski","tag-dr-hab-jacek-batog","tag-dr-konrad-wojtyla","tag-nius-radio","tag-prof-dr-hab-andrzej-skrendo","tag-stacja","subpage_bus-kultura","subpage_bus-rozwoj-uniwersytetu-sprawy-organizacyjne","subpage_bus-sylwetki"],"_links":{"self":[{"href":"https:\/\/historiaus.usz.edu.pl\/index.php?rest_route=\/wp\/v2\/posts\/19853","targetHints":{"allow":["GET"]}}],"collection":[{"href":"https:\/\/historiaus.usz.edu.pl\/index.php?rest_route=\/wp\/v2\/posts"}],"about":[{"href":"https:\/\/historiaus.usz.edu.pl\/index.php?rest_route=\/wp\/v2\/types\/post"}],"author":[{"embeddable":true,"href":"https:\/\/historiaus.usz.edu.pl\/index.php?rest_route=\/wp\/v2\/users\/10"}],"replies":[{"embeddable":true,"href":"https:\/\/historiaus.usz.edu.pl\/index.php?rest_route=%2Fwp%2Fv2%2Fcomments&post=19853"}],"version-history":[{"count":1,"href":"https:\/\/historiaus.usz.edu.pl\/index.php?rest_route=\/wp\/v2\/posts\/19853\/revisions"}],"predecessor-version":[{"id":19856,"href":"https:\/\/historiaus.usz.edu.pl\/index.php?rest_route=\/wp\/v2\/posts\/19853\/revisions\/19856"}],"wp:attachment":[{"href":"https:\/\/historiaus.usz.edu.pl\/index.php?rest_route=%2Fwp%2Fv2%2Fmedia&parent=19853"}],"wp:term":[{"taxonomy":"category","embeddable":true,"href":"https:\/\/historiaus.usz.edu.pl\/index.php?rest_route=%2Fwp%2Fv2%2Fcategories&post=19853"},{"taxonomy":"post_tag","embeddable":true,"href":"https:\/\/historiaus.usz.edu.pl\/index.php?rest_route=%2Fwp%2Fv2%2Ftags&post=19853"},{"taxonomy":"subpage_bus","embeddable":true,"href":"https:\/\/historiaus.usz.edu.pl\/index.php?rest_route=%2Fwp%2Fv2%2Fsubpage_bus&post=19853"}],"curies":[{"name":"wp","href":"https:\/\/api.w.org\/{rel}","templated":true}]}}